{"id":8112,"date":"2017-08-13T09:30:49","date_gmt":"2017-08-13T12:30:49","guid":{"rendered":"https:\/\/universonerd.net\/portalantigo\/?p=8112"},"modified":"2017-08-13T17:35:24","modified_gmt":"2017-08-13T20:35:24","slug":"visao-familia-nerd-homenagem-papais","status":"publish","type":"post","link":"https:\/\/universonerd.net\/portalantigo\/visao-familia-nerd-homenagem-papais\/","title":{"rendered":"Vis\u00e3o da Fam\u00edlia Nerd: Homenagem Aos Papais!"},"content":{"rendered":"<p>Ol\u00e1, queridos leitores&#8230; Hoje estou aqui para fazer uma homenagem \u00e0 uma das figuras mais importantes na vida do ser humano: <strong>os pais<\/strong>. Ent\u00e3o, este <em>post<\/em> \u00e9 dedicado a todos os <strong>papais<\/strong> de plant\u00e3o!<\/p>\n<blockquote><p><strong><em>Acho que todos os pais j\u00e1 se fizeram uma pergunta: o que \u00e9 ser um pai?<\/em><\/strong><\/p><\/blockquote>\n<p>Cresci com a figura do meu pai como exemplo: forte, decidido, s\u00e1bio&#8230; aos meus olhos, enquanto pequena, um super her\u00f3i e uma fortaleza. Ali\u00e1s&#8230; at\u00e9 hoje o vejo assim (rs).<\/p>\n<p>E mesmo depois de ser m\u00e3e de dois filhos, ainda preciso muito dele em minha vida!<\/p>\n<p>Aprendi com ele a ser uma pessoa forte&#8230; aprendi a lidar com os mais diversos tipos de situa\u00e7\u00f5es, quer sejam boas ou n\u00e3o. Aprendi a cuidar dos meus filhos e a ter responsabilidade com eles.<\/p>\n<p>Com o passar dos anos, apesar de esquecer algumas coisas, algumas lembran\u00e7as ainda est\u00e3o bem vivas na minha mem\u00f3ria: as tardes de domingo lavando o carro, as brincadeiras de \u201cluta\u201d que minha m\u00e3e sempre dizia que \u201cn\u00e3o ia acabar bem (rs)\u201d&#8230; lembro dele chegando cansado do trabalho e, mesmo assim, brincava comigo e com meus irm\u00e3os&#8230; Tudo que sou, hoje, como pessoa, como m\u00e3e, principalmente, devo ao exemplo dele&#8230; \u00a0e \u00e9\u00a0 essa imagem que quero passar aos meus filhos, principalmente ao meu filho Pedro.<\/p>\n<p>A sociedade tradicional, nos dita que a figura do pai \u00e9 a de uma pessoa que trabalha e sustenta a casa&#8230; tamb\u00e9m que \u00e9 importante o pai ensinar seu filho a usar ferramentas, andar de bicicletas, jogar futebol e, \u00e9 claro, torcer para o time favorito. Por\u00e9m, a sociedade atual, j\u00e1 n\u00e3o mostra mais isso. Mostra, sim, uma gera\u00e7\u00e3o nova, onde o pai n\u00e3o s\u00f3 pode sustentar a casa, como tamb\u00e9m pode participar dos afazeres dom\u00e9sticos&#8230; gera\u00e7\u00e3o essa que j\u00e1 est\u00e1 crescendo mergulhada em cultura pop e que apresenta aos filhos um mundo de conhecimento acumulado sobre literatura, fic\u00e7\u00e3o-cient\u00edfica, jogos eletr\u00f4nicos, tend\u00eancias musicais e uma diversidade absurda de outros assuntos. Pais que conversam com o filho sobre Pok\u00e9mon, n\u00e3o para estar por dentro do assunto, mas porque conhece sobre o assunto. Outros pais que conversam com os filhos sobre Star Wars e fazem quest\u00e3o de assistir aos filmes, para poder estudar com o filho sobre o tema \u201cuniverso\u201d; outros, ainda, que escutam m\u00fasica de Chico Buarque e Caetano Veloso para estudar sobre fatos pol\u00edticos e por ai vai.<\/p>\n<p>Acho que o mais importante, em meio a todos esses fatos \u00e9 a participa\u00e7\u00e3o de um pai na vida do seu filho, dentro do poss\u00edvel. N\u00e3o importa se \u00e9 jogando futebol no campo ou simplesmente uma partida no videogame; andando de bicicleta ou lendo um livro ou um HQ; ouvindo um som ou assistindo um epis\u00f3dio da s\u00e9rie preferida; fazer parte de uma refei\u00e7\u00e3o ou se fazer presente, simplesmente, atrav\u00e9s de um \u201cal\u00f4\u201d ao telefone.<\/p>\n<div id=\"attachment_8123\" style=\"width: 1010px\" class=\"wp-caption alignnone\"><a href=\"https:\/\/universonerd.net\/portalantigo\/wp-content\/uploads\/2017\/08\/fathers-day.gif\"><img loading=\"lazy\" decoding=\"async\" aria-describedby=\"caption-attachment-8123\" class=\"wp-image-8123 size-full\" src=\"https:\/\/universonerd.net\/portalantigo\/wp-content\/uploads\/2017\/08\/fathers-day.gif\" alt=\"\" width=\"1000\" height=\"400\" \/><\/a><p id=\"caption-attachment-8123\" class=\"wp-caption-text\"><span style=\"color: #000000; font-size: 10pt;\">Doodle do Google para o dia dos pais de 2017!<\/span><\/p><\/div>\n<blockquote><p><strong><em>O importante \u00e9 estar presente e deixar essa presen\u00e7a gravada na lembran\u00e7a dos pequenos que, um dia, provavelmente se tornar\u00e3o pais e m\u00e3es.<\/em><\/strong><\/p><\/blockquote>\n<h4>Aos papais de plant\u00e3o, inclusive ao meu paizinho querido, um Feliz Dia dos Pais!<\/h4>\n<p>At\u00e9 a pr\u00f3xima!<\/p>\n<p>_________________________________________________<strong><br \/>\n<\/strong><\/p>\n<p><strong><i><b>Se voc\u00ea gostou deste post, n\u00e3o deixe de participar atrav\u00e9s de sugest\u00f5es, cr\u00edticas e\/ou d\u00favidas. <\/b><\/i><i><b>Aproveitem para assinar o Blog, curtir a <a href=\"http:\/\/facebook.com\/universonerd.net\" target=\"_blank\" rel=\"noopener noreferrer\">P\u00e1gina no Facebook<\/a>, interagir no <a href=\"https:\/\/www.facebook.com\/groups\/1285723958213451\/\" target=\"_blank\" rel=\"noopener noreferrer\">Grupo do Facebook<\/a>, al\u00e9m de acompanhar publica\u00e7\u00f5es e ficar por dentro do Projeto Universo NERD, de sorteios, concursos e demais promo\u00e7\u00f5es!<\/b><\/i><\/strong><\/p>\n","protected":false},"excerpt":{"rendered":"<p>Ol\u00e1, queridos leitores&#8230; Hoje estou aqui para fazer uma homenagem \u00e0 uma das figuras mais importantes na vida do ser humano: os pais. Ent\u00e3o, este post \u00e9 dedicado a todos os papais de plant\u00e3o! Acho que todos os pais j\u00e1 se fizeram uma pergunta: o que \u00e9 ser um pai? Cresci com a figura do [&hellip;]<\/p>\n","protected":false},"author":5,"featured_media":8122,"comment_status":"open","ping_status":"open","sticky":false,"template":"","format":"standard","meta":{"_monsterinsights_skip_tracking":false,"_monsterinsights_sitenote_active":false,"_monsterinsights_sitenote_note":"","_monsterinsights_sitenote_category":0,"footnotes":""},"categories":[119,26,1],"tags":[742,54,741,107],"class_list":["post-8112","post","type-post","status-publish","format-standard","has-post-thumbnail","hentry","category-geracaonerd","category-paisnerds","category-todascategorias","tag-dia-dos-pais","tag-familia","tag-pai","tag-pais-nerds"],"_links":{"self":[{"href":"https:\/\/universonerd.net\/portalantigo\/wp-json\/wp\/v2\/posts\/8112","targetHints":{"allow":["GET"]}}],"collection":[{"href":"https:\/\/universonerd.net\/portalantigo\/wp-json\/wp\/v2\/posts"}],"about":[{"href":"https:\/\/universonerd.net\/portalantigo\/wp-json\/wp\/v2\/types\/post"}],"author":[{"embeddable":true,"href":"https:\/\/universonerd.net\/portalantigo\/wp-json\/wp\/v2\/users\/5"}],"replies":[{"embeddable":true,"href":"https:\/\/universonerd.net\/portalantigo\/wp-json\/wp\/v2\/comments?post=8112"}],"version-history":[{"count":0,"href":"https:\/\/universonerd.net\/portalantigo\/wp-json\/wp\/v2\/posts\/8112\/revisions"}],"wp:featuredmedia":[{"embeddable":true,"href":"https:\/\/universonerd.net\/portalantigo\/wp-json\/wp\/v2\/media\/8122"}],"wp:attachment":[{"href":"https:\/\/universonerd.net\/portalantigo\/wp-json\/wp\/v2\/media?parent=8112"}],"wp:term":[{"taxonomy":"category","embeddable":true,"href":"https:\/\/universonerd.net\/portalantigo\/wp-json\/wp\/v2\/categories?post=8112"},{"taxonomy":"post_tag","embeddable":true,"href":"https:\/\/universonerd.net\/portalantigo\/wp-json\/wp\/v2\/tags?post=8112"}],"curies":[{"name":"wp","href":"https:\/\/api.w.org\/{rel}","templated":true}]}}