{"id":32550,"date":"2026-02-05T14:30:00","date_gmt":"2026-02-05T17:30:00","guid":{"rendered":"https:\/\/universonerd.net\/portalantigo\/?p=32550"},"modified":"2026-02-01T13:30:38","modified_gmt":"2026-02-01T16:30:38","slug":"ia-na-educacao-oportunidades-limites-e-o-brasil-em-transformacao","status":"publish","type":"post","link":"https:\/\/universonerd.net\/portalantigo\/ia-na-educacao-oportunidades-limites-e-o-brasil-em-transformacao\/","title":{"rendered":"IA Na Educa\u00e7\u00e3o: Oportunidades, Limites E O Brasil Em Transforma\u00e7\u00e3o"},"content":{"rendered":"<p data-start=\"502\" data-end=\"1047\"><span style=\"color: #000000;\">A <strong>Intelig\u00eancia Artificial<\/strong> (<strong>ou IA<\/strong>) deixou de ser uma promessa distante para se tornar uma ferramenta cotidiana na aprendizagem (confira nossa se\u00e7\u00e3o &#8216;<strong>IA no cotidiano<\/strong>&#8216;). Ferramentas que personalizam trilhas de estudo, corrigem automaticamente exerc\u00edcios, geram materiais e apoiam atividades pedag\u00f3gicas est\u00e3o cada vez mais acess\u00edveis, onde isso muda a din\u00e2mica da sala de aula, das institui\u00e7\u00f5es e da pr\u00f3pria forma\u00e7\u00e3o docente. <strong>Com esse movimento, surge uma pergunta urgente: como aproveitar o potencial da IA sem abrir m\u00e3o de princ\u00edpios pedag\u00f3gicos, \u00e9ticos e da autonomia intelectual dos estudantes?<\/strong><\/span><\/p>\n<p data-start=\"1049\" data-end=\"1610\"><span style=\"color: #000000;\">No Brasil, esse debate ganha contornos espec\u00edficos. Ao mesmo tempo em que escolas e universidades exploram recursos inteligentes, o pa\u00eds passa por mudan\u00e7as regulat\u00f3rias e administrativas, como a <strong>Lei n\u00ba 15.100\/2025<\/strong>, que regula restri\u00e7\u00f5es ao uso de <strong>celulares<\/strong> nas escolas. Al\u00e9m disso, institui\u00e7\u00f5es de refer\u00eancia, como o <strong>Insper<\/strong>, a <strong>FGV<\/strong> e a <strong>ESPM<\/strong> acabaram de adotar medidas para restringir o uso de <em>smartphones<\/em> na sala de aula. <strong>Essas decis\u00f5es mostram que, mais do que tecnologia, estamos discutindo prioridades educacionais, sa\u00fade mental e modos de ensinar e aprender<\/strong>.<\/span><\/p>\n<blockquote data-start=\"1612\" data-end=\"1696\">\n<p data-start=\"1614\" data-end=\"1696\"><span style=\"color: #000000;\"><em><strong data-start=\"1614\" data-end=\"1696\">IA na educa\u00e7\u00e3o \u00e9 ferramenta poderosa, mas seu valor depende de como a usamos.<\/strong><\/em><\/span><\/p>\n<\/blockquote>\n\n<div class=\"wp-block-image\">\n<figure class=\"aligncenter size-full is-resized\"><img loading=\"lazy\" decoding=\"async\" width=\"888\" height=\"666\" src=\"https:\/\/universonerd.net\/portalantigo\/wp-content\/uploads\/2026\/02\/IA-na-educacao-Imagem-2.avif\" alt=\"\" class=\"wp-image-32555\" style=\"width:688px;height:auto\" srcset=\"https:\/\/universonerd.net\/portalantigo\/wp-content\/uploads\/2026\/02\/IA-na-educacao-Imagem-2.avif 888w, https:\/\/universonerd.net\/portalantigo\/wp-content\/uploads\/2026\/02\/IA-na-educacao-Imagem-2-300x225.avif 300w, https:\/\/universonerd.net\/portalantigo\/wp-content\/uploads\/2026\/02\/IA-na-educacao-Imagem-2-768x576.avif 768w\" sizes=\"auto, (max-width: 888px) 100vw, 888px\" \/><figcaption class=\"wp-element-caption\">Fonte: O Globo.<\/figcaption><\/figure>\n<\/div>\n\n<h2><span style=\"color: #000000;\"><strong>O que a IA j\u00e1 faz (e pode fazer) nas escolas e universidades<\/strong><\/span><\/h2>\n<p data-start=\"1781\" data-end=\"2191\"><span style=\"color: #000000;\">A IA hoje atua como tutor, avaliador, curador de conte\u00fado e assistente do professor. Plataformas adaptativas identificam lacunas de aprendizagem; ferramentas de linguagem ajudam a gerar materiais; sistemas de an\u00e1lise d\u00e3o <em>feedback<\/em> sobre desempenho coletivo e individual. <strong>Para professores, isso pode significar menos tempo em corre\u00e7\u00f5es e mais espa\u00e7o para planejar interven\u00e7\u00f5es pedag\u00f3gicas<\/strong>.<\/span><\/p>\n<p data-start=\"2193\" data-end=\"2483\"><span style=\"color: #000000;\">No n\u00edvel institucional, aplica\u00e7\u00f5es de IA ajudam a prever evas\u00e3o, a mapear trajet\u00f3rias acad\u00eamicas e a personalizar ofertas de forma\u00e7\u00e3o continuada. Para estudantes, podem significar caminhos alternativos de aprendizagem, sobretudo quando bem integradas ao curr\u00edculo e \u00e0 media\u00e7\u00e3o do professor.<\/span><\/p>\n<p data-start=\"2485\" data-end=\"2839\"><span style=\"color: #000000;\"><strong>No entanto, \u00e9 essencial lembrar que a IA n\u00e3o substitui avalia\u00e7\u00e3o humana qualificada nem o papel do professor como orientador do pensamento cr\u00edtico. A tecnologia amplia instrumentos, mas n\u00e3o corrige pr\u00e1ticas pedag\u00f3gicas fr\u00e1geis. E precisamos tamb\u00e9m discutir sobre os cuidados necess\u00e1rios!<\/strong><\/span><\/p>\n<blockquote data-start=\"2841\" data-end=\"2940\">\n<p data-start=\"2843\" data-end=\"2940\"><span style=\"color: #000000;\"><em><strong data-start=\"2843\" data-end=\"2940\">Tecnologia pedag\u00f3gica s\u00f3 \u00e9 boa quando fortalece a pr\u00e1tica educativa, n\u00e3o quando a substitui.<\/strong><\/em><\/span><\/p>\n<\/blockquote>\n\n<div class=\"wp-block-image\">\n<figure class=\"aligncenter size-full\"><img loading=\"lazy\" decoding=\"async\" width=\"888\" height=\"592\" src=\"https:\/\/universonerd.net\/portalantigo\/wp-content\/uploads\/2026\/02\/IA-na-educacao-Imagem-3.avif\" alt=\"\" class=\"wp-image-32557\" srcset=\"https:\/\/universonerd.net\/portalantigo\/wp-content\/uploads\/2026\/02\/IA-na-educacao-Imagem-3.avif 888w, https:\/\/universonerd.net\/portalantigo\/wp-content\/uploads\/2026\/02\/IA-na-educacao-Imagem-3-300x200.avif 300w, https:\/\/universonerd.net\/portalantigo\/wp-content\/uploads\/2026\/02\/IA-na-educacao-Imagem-3-768x512.avif 768w\" sizes=\"auto, (max-width: 888px) 100vw, 888px\" \/><figcaption class=\"wp-element-caption\">Fonte: O Globo.<\/figcaption><\/figure>\n<\/div>\n\n<h2><span style=\"color: #000000;\"><strong>A nova realidade brasileira: leis, regras e pr\u00e1ticas sobre telas<\/strong><\/span><\/h2>\n<p data-start=\"3029\" data-end=\"3595\"><span style=\"color: #000000;\">Nos \u00faltimos anos o Brasil avan\u00e7ou numa regula\u00e7\u00e3o que mudou o jogo e a <strong>Lei n\u00ba 15.100\/2025<\/strong> <strong>trouxe restri\u00e7\u00f5es ao uso de aparelhos port\u00e1teis nas escolas da educa\u00e7\u00e3o b\u00e1sica, permitindo exce\u00e7\u00f5es apenas para fins pedag\u00f3gicos, de acessibilidade ou por necessidade de sa\u00fade<\/strong>. O Minist\u00e9rio da Educa\u00e7\u00e3o tem acompanhado a implementa\u00e7\u00e3o e at\u00e9 previsto pesquisas para avaliar os impactos dessas restri\u00e7\u00f5es.<\/span><\/p>\n<blockquote>\n<p data-start=\"3029\" data-end=\"3595\"><span style=\"color: #000000;\"><em><strong>Essas normas representam uma tentativa de equilibrar sa\u00fade, concentra\u00e7\u00e3o e uso respons\u00e1vel da tecnologia nas etapas iniciais da educa\u00e7\u00e3o. Mas chegara novidades nesta semana!<\/strong><\/em><\/span><\/p>\n<\/blockquote>\n<p data-start=\"3597\" data-end=\"4282\"><span style=\"color: #000000;\">No ensino superior, embora a lei federal foque na educa\u00e7\u00e3o infantil, fundamental e m\u00e9dia, j\u00e1 vemos institui\u00e7\u00f5es privadas de destaque adotando pol\u00edticas pr\u00f3prias sobre celulares em sala de aula. Algumas, como a<strong> <span class=\"hover:entity-accent entity-underline inline cursor-pointer align-baseline\"><span class=\"whitespace-normal\">Insper<\/span><\/span> <\/strong>e a <strong><span class=\"hover:entity-accent entity-underline inline cursor-pointer align-baseline\"><span class=\"whitespace-normal\">ESPM<\/span><\/span><\/strong>, anunciaram restri\u00e7\u00f5es ao uso de <em>smartphones<\/em> durante as aulas presenciais, alinhando-se a um movimento de cuidado com a aten\u00e7\u00e3o e o ambiente de aprendizagem. Outras institui\u00e7\u00f5es tradicionais, como a <strong><span class=\"hover:entity-accent entity-underline inline cursor-pointer align-baseline\"><span class=\"whitespace-normal\">FGV<\/span><\/span><\/strong>, desenvolvem estudos e documentos sobre direito digital e educa\u00e7\u00e3o que alimentam o debate sobre limites e oportunidades.<\/span><\/p>\n<p data-start=\"4284\" data-end=\"4500\"><span style=\"color: #000000;\">Essas medidas n\u00e3o significam rejei\u00e7\u00e3o \u00e0 tecnologia, mas uma tentativa de organizar seu uso. A quest\u00e3o pr\u00e1tica \u00e9: <strong>quando a tela atrapalha processos cognitivos e sociais, e quando ela \u00e9 um meio pedag\u00f3gico<\/strong>?<\/span><\/p>\n<blockquote data-start=\"4502\" data-end=\"4618\">\n<p data-start=\"4504\" data-end=\"4618\"><span style=\"color: #000000;\"><em><strong data-start=\"4504\" data-end=\"4618\">Limitar telas sem debate pedag\u00f3gico \u00e9 trocar um problema por outro e por isso \u00e9 preciso designar quando e como us\u00e1-las para os estudantes aprenderem a usar de forma consciente.<\/strong><\/em><\/span><\/p>\n<\/blockquote>\n\n<div class=\"wp-block-image\">\n<figure class=\"aligncenter size-large\"><img loading=\"lazy\" decoding=\"async\" width=\"1024\" height=\"633\" src=\"https:\/\/universonerd.net\/portalantigo\/wp-content\/uploads\/2026\/02\/IA-na-educacao-Imagem-4-1024x633.jpeg\" alt=\"\" class=\"wp-image-32558\" srcset=\"https:\/\/universonerd.net\/portalantigo\/wp-content\/uploads\/2026\/02\/IA-na-educacao-Imagem-4-1024x633.jpeg 1024w, https:\/\/universonerd.net\/portalantigo\/wp-content\/uploads\/2026\/02\/IA-na-educacao-Imagem-4-300x186.jpeg 300w, https:\/\/universonerd.net\/portalantigo\/wp-content\/uploads\/2026\/02\/IA-na-educacao-Imagem-4-768x475.jpeg 768w, https:\/\/universonerd.net\/portalantigo\/wp-content\/uploads\/2026\/02\/IA-na-educacao-Imagem-4.jpeg 1080w\" sizes=\"auto, (max-width: 1024px) 100vw, 1024px\" \/><figcaption class=\"wp-element-caption\">Fonte: Portal Gov.br.<\/figcaption><\/figure>\n<\/div>\n\n<h2><span style=\"color: #000000;\"><strong>Como conciliar restri\u00e7\u00f5es (celular) com o uso de IA pedag\u00f3gica<\/strong><\/span><\/h2>\n<p data-start=\"4705\" data-end=\"5201\"><span style=\"color: #000000;\">A proibi\u00e7\u00e3o de uso indiscriminado de celulares cria um desafio e uma oportunidade: <strong>se as telas s\u00e3o guardadas, como integrar ferramentas digitais \u00fateis<\/strong>? A resposta est\u00e1 em planejamento e inten\u00e7\u00e3o did\u00e1tica. Quando o professor planeja uma atividade que usa IA (por exemplo, uma plataforma adaptativa em laborat\u00f3rio de inform\u00e1tica, ou um exerc\u00edcio com gera\u00e7\u00e3o de texto assistido), essa atividade deve ser comunicada, autorizada, mediada e, n\u00e3o substitu\u00edda por um simples &#8220;deixe o celular no bolso&#8221;.<\/span><\/p>\n<p data-start=\"5203\" data-end=\"5538\"><span style=\"color: #000000;\">Al\u00e9m disso, a institucionaliza\u00e7\u00e3o de pol\u00edticas de uso permite diferenciar espa\u00e7os: laborat\u00f3rios digitais e momentos espec\u00edficos para uso de dispositivos, versus momentos de socializa\u00e7\u00e3o e aten\u00e7\u00e3o coletiva sem telas. Assim, a restri\u00e7\u00e3o de celulares pode, paradoxalmente, favorecer um uso mais qualificado e deliberado da IA na educa\u00e7\u00e3o. <strong>As regras s\u00e3o importantes para funcionar no coletivo<\/strong>!<\/span><\/p>\n<p data-start=\"5540\" data-end=\"5813\"><span style=\"color: #000000;\"><strong>Por fim, \u00e9 importante que as institui\u00e7\u00f5es ofere\u00e7am infraestrutura e acessibilidade: proibir o celular sem prover alternativas pedag\u00f3gicas digitais ou equipamentos adequados (computadores, licen\u00e7as, ambientes de uso) cria desigualdades e frustra a\u00e7\u00f5es educativas inovadoras.<\/strong><\/span><\/p>\n<blockquote data-start=\"5815\" data-end=\"5906\">\n<p data-start=\"5817\" data-end=\"5906\"><span style=\"color: #000000;\"><em><strong data-start=\"5817\" data-end=\"5906\">Proibir por proibir cria v\u00e1cuos; regular e prover infraestrutura cria possibilidades.<\/strong><\/em><\/span><\/p>\n<\/blockquote>\n\n<div class=\"wp-block-image\">\n<figure class=\"aligncenter size-full\"><img loading=\"lazy\" decoding=\"async\" width=\"900\" height=\"557\" src=\"https:\/\/universonerd.net\/portalantigo\/wp-content\/uploads\/2026\/02\/IA-na-educacao-Imagem-5.webp\" alt=\"\" class=\"wp-image-32559\" srcset=\"https:\/\/universonerd.net\/portalantigo\/wp-content\/uploads\/2026\/02\/IA-na-educacao-Imagem-5.webp 900w, https:\/\/universonerd.net\/portalantigo\/wp-content\/uploads\/2026\/02\/IA-na-educacao-Imagem-5-300x186.webp 300w, https:\/\/universonerd.net\/portalantigo\/wp-content\/uploads\/2026\/02\/IA-na-educacao-Imagem-5-768x475.webp 768w\" sizes=\"auto, (max-width: 900px) 100vw, 900px\" \/><figcaption class=\"wp-element-caption\">Fonte: Senac.<\/figcaption><\/figure>\n<\/div>\n\n<h2><span style=\"color: #000000;\"><strong>Riscos, vieses e a urg\u00eancia da alfabetiza\u00e7\u00e3o para IA<\/strong><\/span><\/h2>\n<p data-start=\"5983\" data-end=\"6421\"><span style=\"color: #000000;\">A ado\u00e7\u00e3o de IA na educa\u00e7\u00e3o traz riscos concretos: vieses nos modelos que reproduzem desigualdades, depend\u00eancia de fornecedores privados sem transpar\u00eancia, e perda de oportunidades de desenvolver compet\u00eancias cr\u00edticas quando se delega respostas prontas a algoritmos.<\/span><\/p>\n<p data-start=\"5983\" data-end=\"6421\"><span style=\"color: #000000;\"><strong>Por isso, a alfabetiza\u00e7\u00e3o digital deve evoluir para uma alfabetiza\u00e7\u00e3o em Intelig\u00eancia Artificial: entender o que um modelo faz, suas limita\u00e7\u00f5es, como checar fontes e como questionar resultados.<\/strong><\/span><\/p>\n<p data-start=\"6423\" data-end=\"6871\"><span style=\"color: #000000;\">Com isso, os docentes e gestores precisam de forma\u00e7\u00e3o continuada que n\u00e3o apenas ensine a operar ferramentas, mas que desenvolva crit\u00e9rios pedag\u00f3gicos para avaliar quando usar IA, como interpretar <em>outputs<\/em> e como proteger dados estudantis, especialmente sens\u00edveis. No Brasil, o debate p\u00fablico e acad\u00eamico sobre pol\u00edticas de dados educacionais e seguran\u00e7a j\u00e1 est\u00e1 em curso, e deve ser ampliado para toda a comunidade escolar. <strong>E o UniversoNERD.Net participar\u00e1 de muitos debates e mudan\u00e7as<\/strong>!<\/span><\/p>\n<blockquote data-start=\"6873\" data-end=\"6941\">\n<p data-start=\"6875\" data-end=\"6941\"><span style=\"color: #000000;\"><em><strong data-start=\"6875\" data-end=\"6941\">Saber usar IA \u00e9 t\u00e3o importante quanto saber quando n\u00e3o us\u00e1-la!<\/strong><\/em><\/span><\/p>\n<\/blockquote>\n\n<div class=\"wp-block-image\">\n<figure class=\"aligncenter size-large\"><img loading=\"lazy\" decoding=\"async\" width=\"1024\" height=\"683\" src=\"https:\/\/universonerd.net\/portalantigo\/wp-content\/uploads\/2026\/02\/IA-na-educacao-Imagem-6-1024x683.png\" alt=\"\" class=\"wp-image-32560\" srcset=\"https:\/\/universonerd.net\/portalantigo\/wp-content\/uploads\/2026\/02\/IA-na-educacao-Imagem-6-1024x683.png 1024w, https:\/\/universonerd.net\/portalantigo\/wp-content\/uploads\/2026\/02\/IA-na-educacao-Imagem-6-300x200.png 300w, https:\/\/universonerd.net\/portalantigo\/wp-content\/uploads\/2026\/02\/IA-na-educacao-Imagem-6-768x512.png 768w, https:\/\/universonerd.net\/portalantigo\/wp-content\/uploads\/2026\/02\/IA-na-educacao-Imagem-6.png 1536w\" sizes=\"auto, (max-width: 1024px) 100vw, 1024px\" \/><figcaption class=\"wp-element-caption\">Fonte: Imagem criada pelo autor com ferramenta de IA.<\/figcaption><\/figure>\n<\/div>\n\n<h2 data-start=\"6948\" data-end=\"7010\"><span style=\"color: #000000;\"><strong>Boas pr\u00e1ticas para come\u00e7ar (checklist pr\u00e1tico)<\/strong><\/span><\/h2>\n<ol data-start=\"7012\" data-end=\"7636\">\n<li data-start=\"7012\" data-end=\"7121\">\n<p data-start=\"7015\" data-end=\"7121\"><span style=\"color: #000000;\"><strong>Planejamento intencional<\/strong>: inclua objetivos pedag\u00f3gicos claros sempre que usar IA; evite s\u00f3 usar.<\/span><\/p>\n<\/li>\n<li data-start=\"7122\" data-end=\"7253\">\n<p data-start=\"7125\" data-end=\"7253\"><span style=\"color: #000000;\"><strong>Media\u00e7\u00e3o docente<\/strong>: ferramentas tecnol\u00f3gicas devem estar integradas a atividades que valorizem o <strong>pensamento cr\u00edtico<\/strong> e a <strong>autoria<\/strong>. E isso est\u00e1 relacionado com quest\u00f5es \u00e9ticas!<\/span><\/p>\n<\/li>\n<li data-start=\"7254\" data-end=\"7384\">\n<p data-start=\"7257\" data-end=\"7384\"><span style=\"color: #000000;\"><strong>Transpar\u00eancia e privacidade<\/strong>: comunique fam\u00edlias sobre quais ferramentas s\u00e3o usadas, quais dados s\u00e3o coletados e para que fim. Isso far\u00e1 fam\u00edlias entenderem como as ferramentas devem ser usadas.<\/span><\/p>\n<\/li>\n<li data-start=\"7385\" data-end=\"7523\">\n<p data-start=\"7388\" data-end=\"7523\"><span style=\"color: #000000;\"><strong>Infraestrutura e equidade<\/strong>: garanta que todos alunos tenham acesso \u00e0s ferramentas necess\u00e1rias quando exigidas como parte do curr\u00edculo. Ainda \u00e9 um desafio enorme na educa\u00e7\u00e3o nacional!<\/span><\/p>\n<\/li>\n<li data-start=\"7524\" data-end=\"7636\">\n<p data-start=\"7527\" data-end=\"7636\"><span style=\"color: #000000;\"><strong>Forma\u00e7\u00e3o cont\u00ednua<\/strong>: invista em capacita\u00e7\u00e3o docente para operacionalizar, interpretar e criticar.<\/span><\/p>\n<\/li>\n<\/ol>\n<p data-start=\"7638\" data-end=\"7816\"><span style=\"color: #000000;\"><strong>Essas pr\u00e1ticas ajudam a transformar a IA em uma aliada e reduzem os riscos de que decis\u00f5es sobre telas (como proibi\u00e7\u00f5es de celulares) inviabilizem experi\u00eancias pedag\u00f3gicas leg\u00edtimas.<\/strong><\/span><\/p>\n<blockquote data-start=\"7818\" data-end=\"7913\">\n<p data-start=\"7820\" data-end=\"7913\"><span style=\"color: #000000;\"><em><strong data-start=\"7820\" data-end=\"7913\">A melhor tecnologia \u00e9 aquela que ajuda o processo educativo sem tirar seu car\u00e1ter humano!<\/strong><\/em><\/span><\/p>\n<\/blockquote>\n\n<div class=\"wp-block-image\">\n<figure class=\"aligncenter size-large\"><img loading=\"lazy\" decoding=\"async\" width=\"1024\" height=\"585\" src=\"https:\/\/universonerd.net\/portalantigo\/wp-content\/uploads\/2026\/02\/IA-na-educacao-Imagem-7-1024x585.webp\" alt=\"\" class=\"wp-image-32561\" srcset=\"https:\/\/universonerd.net\/portalantigo\/wp-content\/uploads\/2026\/02\/IA-na-educacao-Imagem-7-1024x585.webp 1024w, https:\/\/universonerd.net\/portalantigo\/wp-content\/uploads\/2026\/02\/IA-na-educacao-Imagem-7-300x171.webp 300w, https:\/\/universonerd.net\/portalantigo\/wp-content\/uploads\/2026\/02\/IA-na-educacao-Imagem-7-768x439.webp 768w, https:\/\/universonerd.net\/portalantigo\/wp-content\/uploads\/2026\/02\/IA-na-educacao-Imagem-7.webp 1344w\" sizes=\"auto, (max-width: 1024px) 100vw, 1024px\" \/><figcaption class=\"wp-element-caption\">Fonte: Portal Intelig\u00eancia Artificial.<\/figcaption><\/figure>\n<\/div>\n\n<h2 data-start=\"7920\" data-end=\"7937\"><span style=\"color: #000000;\"><strong>Breve reflex\u00e3o<\/strong><\/span><\/h2>\n<p data-start=\"7939\" data-end=\"8428\"><span style=\"color: #000000;\">A educa\u00e7\u00e3o brasileira vive um momento de ajuste: leis e pol\u00edticas p\u00fablicas tratam de sintomas, como distra\u00e7\u00e3o e sa\u00fade mental e institui\u00e7\u00f5es reagem com regras pr\u00f3prias. Ao mesmo tempo, a intelig\u00eancia artificial oferece ferramentas in\u00e9ditas para personalizar, diagnosticar e enriquecer o ensino.<\/span><\/p>\n<p data-start=\"7939\" data-end=\"8428\"><span style=\"color: #000000;\"><strong>O desafio \u00e9 juntar esses dois lados: regular o uso das telas quando necess\u00e1rio e, ao mesmo tempo, construir rotas pedag\u00f3gicas que permitam usar a IA com qualidade, equidade e responsabilidade.<\/strong><\/span><\/p>\n<p data-start=\"8430\" data-end=\"8766\"><span style=\"color: #000000;\">No <strong>UniversoNERD.Net<\/strong> queremos contribuir com essa conversa, trazendo conhecimento, casos pr\u00e1ticos, ferramentas e narrativas que ajudem professores, gestores, fam\u00edlias e estudantes a decidir com consci\u00eancia. Mais do que tecnologia, precisamos cultivar crit\u00e9rios: para que a intelig\u00eancia artificial na educa\u00e7\u00e3o seja sin\u00f4nimo de oportunidade e n\u00e3o de atalho. <strong>Voc\u00eas concordam comigo<\/strong>?<\/span><\/p>\n<p data-start=\"8768\" data-end=\"8862\"><span style=\"color: #000000;\"><strong data-start=\"8768\" data-end=\"8859\">Bom resto de semana, m\u00e3os \u00e0 obra e que a curiosidade guie nosso uso da tecnologia na educa\u00e7\u00e3o.<\/strong><\/span><\/p>\n\n\n<p>____________________________________________________________________________________________________________<\/p>\n\n\n<p><em><strong>Se voc\u00ea gostou, n\u00e3o deixe de participar atrav\u00e9s de sugest\u00f5es, cr\u00edticas e\/ou d\u00favidas. Aproveitem para assinar o Blog, curtir a\u00a0<a href=\"https:\/\/facebook.com\/universonerd.net\" target=\"_blank\" rel=\"noreferrer noopener\">P\u00e1gina no Facebook<\/a>, interagir no\u00a0<a href=\"https:\/\/www.facebook.com\/groups\/1285723958213451\/\" target=\"_blank\" rel=\"noreferrer noopener\">Grupo do Facebook<\/a>, al\u00e9m de acompanhar publica\u00e7\u00f5es e ficar por dentro do Projeto Universo NERD.<\/strong><\/em><\/p>","protected":false},"excerpt":{"rendered":"<p>A Intelig\u00eancia Artificial (ou IA) deixou de ser uma promessa distante para se tornar uma ferramenta cotidiana na aprendizagem (confira nossa se\u00e7\u00e3o &#8216;IA no cotidiano&#8216;). Ferramentas que personalizam trilhas de estudo, corrigem automaticamente exerc\u00edcios, geram materiais e apoiam atividades pedag\u00f3gicas est\u00e3o cada vez mais acess\u00edveis, onde isso muda a din\u00e2mica da sala de aula, das [&hellip;]<\/p>\n","protected":false},"author":3,"featured_media":32554,"comment_status":"open","ping_status":"open","sticky":false,"template":"","format":"standard","meta":{"_monsterinsights_skip_tracking":false,"_monsterinsights_sitenote_active":false,"_monsterinsights_sitenote_note":"","_monsterinsights_sitenote_category":0,"footnotes":""},"categories":[25,1],"tags":[4674,92,23,918,5350,5354,5351,118,1207,5353,2917,5352],"class_list":["post-32550","post","type-post","status-publish","format-standard","has-post-thumbnail","hentry","category-tecnologia","category-todascategorias","tag-celulares","tag-educacao","tag-ensino","tag-ia","tag-ia-na-educacao","tag-lei-no-15-100-2025","tag-limites","tag-oportunidades","tag-reflexao","tag-restricoes","tag-smartphones","tag-transformacao"],"_links":{"self":[{"href":"https:\/\/universonerd.net\/portalantigo\/wp-json\/wp\/v2\/posts\/32550","targetHints":{"allow":["GET"]}}],"collection":[{"href":"https:\/\/universonerd.net\/portalantigo\/wp-json\/wp\/v2\/posts"}],"about":[{"href":"https:\/\/universonerd.net\/portalantigo\/wp-json\/wp\/v2\/types\/post"}],"author":[{"embeddable":true,"href":"https:\/\/universonerd.net\/portalantigo\/wp-json\/wp\/v2\/users\/3"}],"replies":[{"embeddable":true,"href":"https:\/\/universonerd.net\/portalantigo\/wp-json\/wp\/v2\/comments?post=32550"}],"version-history":[{"count":8,"href":"https:\/\/universonerd.net\/portalantigo\/wp-json\/wp\/v2\/posts\/32550\/revisions"}],"predecessor-version":[{"id":32590,"href":"https:\/\/universonerd.net\/portalantigo\/wp-json\/wp\/v2\/posts\/32550\/revisions\/32590"}],"wp:featuredmedia":[{"embeddable":true,"href":"https:\/\/universonerd.net\/portalantigo\/wp-json\/wp\/v2\/media\/32554"}],"wp:attachment":[{"href":"https:\/\/universonerd.net\/portalantigo\/wp-json\/wp\/v2\/media?parent=32550"}],"wp:term":[{"taxonomy":"category","embeddable":true,"href":"https:\/\/universonerd.net\/portalantigo\/wp-json\/wp\/v2\/categories?post=32550"},{"taxonomy":"post_tag","embeddable":true,"href":"https:\/\/universonerd.net\/portalantigo\/wp-json\/wp\/v2\/tags?post=32550"}],"curies":[{"name":"wp","href":"https:\/\/api.w.org\/{rel}","templated":true}]}}