{"id":32495,"date":"2026-01-25T09:30:00","date_gmt":"2026-01-25T12:30:00","guid":{"rendered":"https:\/\/universonerd.net\/portalantigo\/?p=32495"},"modified":"2026-01-25T10:26:13","modified_gmt":"2026-01-25T13:26:13","slug":"ovide-decroly-e-a-revolucao-pedagogica-do-seculo-xx","status":"publish","type":"post","link":"https:\/\/universonerd.net\/portalantigo\/ovide-decroly-e-a-revolucao-pedagogica-do-seculo-xx\/","title":{"rendered":"Ovide Decroly e a Revolu\u00e7\u00e3o Pedag\u00f3gica do S\u00e9culo XX"},"content":{"rendered":"<p><span style=\"color: #000000;\">Ol\u00e1, queridos leitores. Voltando a s\u00e9rie &#8220;Grandes Nomes da Educa\u00e7\u00e3o&#8221;, nosso assunto de hoje \u00e9 sobre um educador que apostou na autonomia dos alunos como palco principal para a constru\u00e7\u00e3o de conhecimento e esse m\u00e9todo vem sendo adotado cada vez mais pelas escolas. Estamos falando sobre <strong>Ovide Decroly<\/strong>. Vamos l\u00e1?<\/span><\/p>\n<p><span style=\"color: #000000;\">Falar de Ovide Decroly \u00e9 falar de uma educa\u00e7\u00e3o que pulsa vida. Para ele, ensinar n\u00e3o era apenas transmitir conte\u00fados, mas abrir caminhos para que cada crian\u00e7a pudesse descobrir o mundo com seus pr\u00f3prios olhos, relacionar experi\u00eancias e expressar aquilo que aprende de forma significativa.<\/span><\/p>\n<blockquote>\n<p><span style=\"color: #000000;\"><em><strong>Decroly acreditava que a escola deveria ser um espa\u00e7o de humanidade, onde corpo, mente, emo\u00e7\u00f5es e rela\u00e7\u00f5es sociais se entrela\u00e7am em um processo \u00fanico de forma\u00e7\u00e3o integral.<\/strong><\/em><\/span><\/p>\n<\/blockquote>\n<p><span style=\"color: #000000;\">Em tempos em que ainda se discutia a fun\u00e7\u00e3o da escola, Decroly j\u00e1 apontava para uma ideia revolucion\u00e1ria:<strong> a crian\u00e7a como protagonista<\/strong>. Ele nos lembra que aprender n\u00e3o \u00e9 decorar, mas viver; n\u00e3o \u00e9 repetir, mas experimentar; n\u00e3o \u00e9 se adaptar a um molde, mas construir sentido. Sua proposta dos centros de interesse e das etapas de observa\u00e7\u00e3o, associa\u00e7\u00e3o e express\u00e3o continua ecoando como um convite para que a educa\u00e7\u00e3o seja mais pr\u00f3xima da vida real, mais conectada com os sonhos e necessidades de quem aprende.<\/span><\/p>\n\n<div class=\"wp-block-image\">\n<figure class=\"aligncenter size-full\"><img loading=\"lazy\" decoding=\"async\" width=\"980\" height=\"492\" src=\"https:\/\/universonerd.net\/portalantigo\/wp-content\/uploads\/2026\/01\/FIgura-I.jpg\" alt=\"\" class=\"wp-image-32496\" srcset=\"https:\/\/universonerd.net\/portalantigo\/wp-content\/uploads\/2026\/01\/FIgura-I.jpg 980w, https:\/\/universonerd.net\/portalantigo\/wp-content\/uploads\/2026\/01\/FIgura-I-300x151.jpg 300w, https:\/\/universonerd.net\/portalantigo\/wp-content\/uploads\/2026\/01\/FIgura-I-768x386.jpg 768w\" sizes=\"auto, (max-width: 980px) 100vw, 980px\" \/><figcaption class=\"wp-element-caption\">A valoriza\u00e7\u00e3o da autonomia do aluno com o objetivo de provocar a busca pelo conhecimento. (Fonte: https:\/\/cpp.org.br\/a-valorizacao-do-aluno-como-protagonista-em-acoes-pedagogicas\/)<\/figcaption><\/figure>\n<\/div>\n\n<p><span style=\"color: #000000;\">Ao refletirmos sobre a educa\u00e7\u00e3o atual, percebemos que muitos dos princ\u00edpios defendidos por Decroly continuam extremamente relevantes. Em um mundo marcado por r\u00e1pidas transforma\u00e7\u00f5es tecnol\u00f3gicas, sociais e culturais, a necessidade de uma escola que v\u00e1 al\u00e9m da transmiss\u00e3o de conte\u00fados \u00e9 cada vez mais evidente.<\/span><\/p>\n<blockquote>\n<p><em><strong><span style=\"color: #000000;\"> A proposta decroliana de uma educa\u00e7\u00e3o integral e ativa dialoga diretamente com os desafios contempor\u00e2neos: formar cidad\u00e3os cr\u00edticos, criativos e capazes de conviver em comunidade. <\/span><\/strong><\/em><\/p>\n<\/blockquote>\n<p><span style=\"color: #000000;\">Assim, suas ideias se tornam n\u00e3o apenas mem\u00f3ria hist\u00f3rica, mas tamb\u00e9m inspira\u00e7\u00e3o para repensar pr\u00e1ticas pedag\u00f3gicas que aproximem o aprendizado da vida real e das demandas do s\u00e9culo XXI.<\/span><\/p>\n<h3><span style=\"color: #000000;\">Um pouco sobre Decroly<\/span><\/h3>\n<p><span style=\"color: #000000;\">Ovide Decroly (1871\u20131932) foi um m\u00e9dico, psic\u00f3logo e pedagogo belga que revolucionou a educa\u00e7\u00e3o ao criar o <strong>m\u00e9todo Decroly<\/strong>, baseado em centros de interesse e na ideia de \u201c<strong>educar para a vida e atrav\u00e9s da vida<\/strong>\u201d. Ele \u00e9 considerado um dos grandes nomes da <strong>Escola Nova<\/strong> e da pedagogia ativa.<\/span><\/p>\n<p><span style=\"color: #000000;\">Nascido em 23 de julho de 1870, em Renaix, na B\u00e9lgica. Filho de um industrial franc\u00eas e de uma professora de m\u00fasica, graduou-se em medicina em 1896, especializando-se em neurologia e psiquiatria, na B\u00e9lgica e Alemanha.<\/span><\/p>\n<p><span style=\"color: #000000;\">Inicialmente, trabalhou com crian\u00e7as com defici\u00eancia intelectual, o que despertou seu interesse pela educa\u00e7\u00e3o. Criou a <strong>\u00c9cole de l\u2019Ermitage<\/strong> em 1907, voltada para o desenvolvimento integral das crian\u00e7as com dificuldades escolares e sociais, em oposi\u00e7\u00e3o ao regime \u00edntegro e autorit\u00e1rio. Faleceu em 1935, em Bruxelas, devido a um Acidente Vascular Cerebral (AVC), que interrompeu sua intensa atividade como pesquisador e educador.<\/span><\/p>\n<p><span style=\"color: #000000;\">At\u00e9 hoje, suas ideias s\u00e3o estudadas em cursos de pedagogia e psicologia da educa\u00e7\u00e3o.<\/span><\/p>\n<h2><span style=\"color: #000000;\"><strong>\u00c8cole de l\u00b4Ermitage<\/strong><\/span><\/h2>\n<p><span style=\"color: #000000;\">Vamos fazer uma pausa para conhecer rapidamente sobre a <em><strong>\u00c9cole de l\u2019Ermitage<\/strong><\/em>. Ela foi fundada por Ovide Decroly em 1907 como um laborat\u00f3rio pedag\u00f3gico para aplicar sua abordagem inovadora \u00e0 educa\u00e7\u00e3o, tornando-se um marco na hist\u00f3ria da pedagogia ativa e na valoriza\u00e7\u00e3o do aprendizado pela vida e para a vida.<\/span><\/p>\n<p><span style=\"color: #000000;\">Foi fundada em Bruxelas por Decroly com apoio de colegas e fam\u00edlias que desejavam uma educa\u00e7\u00e3o mais significativa para seus filhos. Situava-se pr\u00f3xima ao Instituto para crian\u00e7as com necessidades especiais, tamb\u00e9m fundado por Decroly.<\/span><\/p>\n<blockquote>\n<p><span style=\"color: #000000;\"><em><strong>O objetivo era servir como um espa\u00e7o experimental para desenvolver pr\u00e1ticas educativas centradas na crian\u00e7a, antecipando a obrigatoriedade escolar.<\/strong><\/em><\/span><\/p>\n<\/blockquote>\n<p><span style=\"color: #000000;\">As crian\u00e7as eram agrupadas em seis n\u00edveis: \u201cmicrobes\u201d, \u201cpetits\u201d, \u201cpetits moyens\u201d, \u201cgrands moyens\u201d, \u201cgrands\u201d, \u201csup\u00e9rieurs\u201d, cobrindo toda a educa\u00e7\u00e3o fundamental. Com o tempo, a escola ganhou reconhecimento internacional: foi prestigiada como refer\u00eancia em educa\u00e7\u00e3o ativa, influenciando pr\u00e1ticas pedag\u00f3gicas em diversos pa\u00edses.<\/span><\/p>\n<p><span style=\"color: #000000;\">A <strong><em>\u00c9cole de l\u2019Ermitage<\/em><\/strong> consolidou os fundamentos da pedagogia de projetos e inspirou outras institui\u00e7\u00f5es a adotarem abordagens centradas no aluno.<\/span><\/p>\n<h3><span style=\"color: #000000;\"><strong>Contribui\u00e7\u00e3o Pedag\u00f3gica<\/strong><\/span><\/h3>\n<p><span style=\"color: #000000;\">Al\u00e9m da cria\u00e7\u00e3o dessas institui\u00e7\u00f5es, o <strong>M\u00e9todo Decroly <\/strong>teve uma enorme contribui\u00e7\u00e3o pedag\u00f3gica, devido \u00e0 sua oposi\u00e7\u00e3o \u00e0 rigidez. Esse m\u00e9todo possui alguns princ\u00edpios centrais, como:<\/span><\/p>\n<ul>\n<li><span style=\"color: #000000;\"><strong>Educa\u00e7\u00e3o centrada nas crian\u00e7as<\/strong>: se interessa na real necessidade e nos interesses das crian\u00e7as. \uf0b7\u00a0 A aprendizagem deve responder \u00e0s necessidades vitais: <strong>alimentar-se, proteger-se, trabalhar, conviver<\/strong>. Por exemplo, em vez de ensinar matem\u00e1tica de forma abstrata, o professor pode propor calcular quantidades de alimentos para uma refei\u00e7\u00e3o coletiva. Assim, a crian\u00e7a aprende somar e dividir em um contexto real.<\/span><\/li>\n<li><span style=\"color: #000000;\"><strong>Centros de Interesse: <\/strong>o curr\u00edculo deve ser organizado em torno de temas ligados \u00e0s <strong>necessidades biossociais<\/strong> da crian\u00e7a (alimenta\u00e7\u00e3o, defesa, trabalho, recrea\u00e7\u00e3o, socializa\u00e7\u00e3o etc), ou seja, temas ligados \u00e0 vida cotidiana.<\/span><\/li>\n<li><span style=\"color: #000000;\"><strong>Educa\u00e7\u00e3o Integral: <\/strong>Integra aspectos f\u00edsicos, emocionais, sociais e intelectuais, preparando para a vida em comunidade. Decroly acreditava que a escola deveria <strong>formar o ser humano por completo<\/strong>, n\u00e3o apenas transmitir conte\u00fados acad\u00eamicos. Isso inclui sa\u00fade, movimento, atividades corporais, desenvolvimento da afetividade e da autoestima, conviv\u00eancia, coopera\u00e7\u00e3o, respeito \u00e0s regras da comunidade, racioc\u00ednio, pensamento cr\u00edtico, curiosidade cient\u00edfica etc. Dessa forma, o objetivo final \u00e9 preparar a crian\u00e7a para viver em sociedade, participando de forma ativa e respons\u00e1vel.<\/span><\/li>\n<li><span style=\"color: #000000;\"><strong>Educa\u00e7\u00e3o ativa:<\/strong> A crian\u00e7a \u00e9 protagonista do processo de aprendizagem e o professor atua como mediador que organiza situa\u00e7\u00f5es de aprendizagem e estimula a curiosidade. O ensino parte dos <strong>interesses da crian\u00e7a<\/strong> e da sua rela\u00e7\u00e3o com o mundo real, em vez de seguir apenas conte\u00fados abstratos e impostos.<\/span><\/li>\n<\/ul>\n\n<div class=\"wp-block-image\">\n<figure class=\"aligncenter size-large\"><img loading=\"lazy\" decoding=\"async\" width=\"1024\" height=\"605\" src=\"https:\/\/universonerd.net\/portalantigo\/wp-content\/uploads\/2026\/01\/FIgura-II-1024x605.jpg\" alt=\"\" class=\"wp-image-32497\" srcset=\"https:\/\/universonerd.net\/portalantigo\/wp-content\/uploads\/2026\/01\/FIgura-II-1024x605.jpg 1024w, https:\/\/universonerd.net\/portalantigo\/wp-content\/uploads\/2026\/01\/FIgura-II-300x177.jpg 300w, https:\/\/universonerd.net\/portalantigo\/wp-content\/uploads\/2026\/01\/FIgura-II-768x454.jpg 768w, https:\/\/universonerd.net\/portalantigo\/wp-content\/uploads\/2026\/01\/FIgura-II.jpg 1200w\" sizes=\"auto, (max-width: 1024px) 100vw, 1024px\" \/><figcaption class=\"wp-element-caption\">Exemplo de sala de aula na Escola Decroly, em Barcelona. (Fonte: https:\/\/escoladecroly.org\/escola\/historia\/)<\/figcaption><\/figure>\n<\/div>\n\n<p><span style=\"color: #000000;\">Al\u00e9m disso, \u00e9 estruturado em tr\u00eas etapas:<\/span><\/p>\n<ul>\n<li><span style=\"color: #000000;\"><strong>Observa\u00e7\u00e3o<\/strong> \u2013 a crian\u00e7a explora o mundo ao redor, percebe fen\u00f4menos, objetos e situa\u00e7\u00f5es. \u00c9 o contato direto com a realidade, despertando a curiosidade.<\/span><\/li>\n<li><span style=\"color: #000000;\"><strong>Associa\u00e7\u00e3o<\/strong> \u2013 relaciona o que observa com conhecimentos pr\u00e9vios e experi\u00eancias anteriores, ocorrendo a constru\u00e7\u00e3o de significados e a organiza\u00e7\u00e3o mental das informa\u00e7\u00f5es.<\/span><\/li>\n<li><span style=\"color: #000000;\"><strong>Express\u00e3o<\/strong> \u2013 comunica e aplica o que aprendeu por meio de diferentes formas: fala, escrita, desenho, dramatiza\u00e7\u00e3o, experimentos. \u00c9 tamb\u00e9m o momento de <strong>aplicar<\/strong> o conhecimento em situa\u00e7\u00f5es pr\u00e1ticas.<\/span><\/li>\n<\/ul>\n<p><span style=\"color: #000000;\">Para Decroly, <strong>aprender \u00e9 viver<\/strong>: a escola deve ser um espa\u00e7o de experi\u00eancias significativas, onde a crian\u00e7a observa, relaciona e expressa, sempre em conex\u00e3o com a vida real e em prepara\u00e7\u00e3o para a vida em comunidade.<\/span><\/p>\n<blockquote>\n<p><span style=\"color: #000000;\"><em><strong>Segundo Decroly, o papel do professor \u00e9: \u201cEducar para a vida e atrav\u00e9s da vida\u201d.<\/strong><\/em><\/span><\/p>\n<\/blockquote>\n<h3><span style=\"color: #000000;\"><strong>Legado<\/strong><\/span><\/h3>\n<ul>\n<li><span style=\"color: #000000;\"><strong>Influ\u00eancia internacional:<\/strong> Suas ideias inspiraram a <strong>Escola Nova<\/strong> e pedagogos como Montessori e Piaget.<\/span><\/li>\n<li><span style=\"color: #000000;\"><strong>No Brasil:<\/strong> Contribuiu para reformas educacionais no in\u00edcio do s\u00e9culo XX, especialmente na valoriza\u00e7\u00e3o da pedagogia de projetos.<\/span><\/li>\n<\/ul>\n<p><span style=\"color: #000000;\">Decroly trouxe uma vis\u00e3o pr\u00e1tica e humanista, colocando os interesses da crian\u00e7a no centro da educa\u00e7\u00e3o e defendendo que aprender deveria ser uma experi\u00eancia ligada \u00e0 vida real.<\/span><\/p>\n<h3><span style=\"color: #000000;\"><strong>M\u00e9todo Decroly na pr\u00e1tica<\/strong><\/span><\/h3>\n<p><span style=\"color: #000000;\">Para come\u00e7ar, temos que organizar o curr\u00edculo em Centros de Interesse. Podemos escolher temas ligados \u00e0s necessidades b\u00e1sicas da crian\u00e7a:<\/span><\/p>\n<ul>\n<li><span style=\"color: #000000;\"><strong>Alimenta\u00e7\u00e3o<\/strong> \u2192 projetos sobre nutri\u00e7\u00e3o, culin\u00e1ria, cultivo de hortas.<\/span><\/li>\n<li><span style=\"color: #000000;\"><strong>Defesa e seguran\u00e7a<\/strong> \u2192 atividades sobre sa\u00fade, primeiros socorros, tr\u00e2nsito.<\/span><\/li>\n<li><span style=\"color: #000000;\"><strong>Trabalho<\/strong> \u2192 oficinas de profiss\u00f5es, visitas a empresas locais.<\/span><\/li>\n<li><span style=\"color: #000000;\"><strong>Recrea\u00e7\u00e3o<\/strong> \u2192 esportes, jogos cooperativos, artes.<\/span><\/li>\n<li><span style=\"color: #000000;\"><strong>Socializa\u00e7\u00e3o<\/strong> \u2192 debates sobre conviv\u00eancia, cidadania, diversidade.<\/span><\/li>\n<\/ul>\n<p><span style=\"color: #000000;\">Reconhecido por sua influ\u00eancia na Pedagogia de Projetos, Decroly acreditava no poder da curiosidade infantil para guiar o aprendizado, atrav\u00e9s de projetos interdisciplinares.<\/span><\/p>\n<p><span style=\"color: #000000;\">Mas, o que \u00e9 a pedagogia de projetos?<\/span><\/p>\n<p><span style=\"color: #000000;\">A Pedagogia de Projetos \u00e9 uma abordagem educacional centrada na aprendizagem ativa, na qual os alunos exploram temas significativos, aplicando conhecimento em projetos pr\u00e1ticos.<\/span><\/p>\n<blockquote>\n<p><span style=\"color: #000000;\"><em><strong>Essa metodologia promove a interdisciplinaridade, permitindo a integra\u00e7\u00e3o de m\u00faltiplas \u00e1reas do conhecimento.<\/strong><\/em><\/span><\/p>\n<\/blockquote>\n<p><span style=\"color: #000000;\">Ao adotar essa abordagem, os educadores buscam estimular a autonomia, a criatividade e a resolu\u00e7\u00e3o de problemas nos alunos. O processo inclui a defini\u00e7\u00e3o de objetivos, pesquisa, planejamento e execu\u00e7\u00e3o do projeto, proporcionando uma experi\u00eancia mais envolvente e contextualizada.<\/span><\/p>\n<p><span style=\"color: #000000;\">A pedagogia de projetos tem como objetivo preparar os estudantes para situa\u00e7\u00f5es reais, tornando o aprendizado com mais significado e ajustado \u00e0s demandas da sociedade atual.<\/span><\/p>\n<h3><span style=\"color: #000000;\"><strong>Princ\u00edpios da Pedagogia de Projetos<\/strong><\/span><\/h3>\n<p><span style=\"color: #000000;\">A pedagogia de projetos, desde que seja baseada em princ\u00edpios s\u00f3lidos, tem como objetivo transformar o processo educacional.<\/span><\/p>\n<p><span style=\"color: #000000;\">Esses princ\u00edpios abrangem:<\/span><\/p>\n<ul>\n<li><span style=\"color: #000000;\"><strong>Aprendizagem Ativa: <\/strong>tem como foco a participa\u00e7\u00e3o ativa dos alunos, levando \u00e0 constru\u00e7\u00e3o do conhecimento por meio da pr\u00e1tica e experi\u00eancia pessoal;<\/span><\/li>\n<li><span style=\"color: #000000;\"><strong>Colabora\u00e7\u00e3o: <\/strong>estimula o trabalho conjunto, desenvolvendo habilidades sociais e compartilhamento de ideias;<\/span><\/li>\n<li><span style=\"color: #000000;\"><strong>Contextualiza\u00e7\u00e3o: <\/strong>consiste na aplica\u00e7\u00e3o pr\u00e1tica do conhecimento em situa\u00e7\u00f5es do mundo real, fazendo com que a aprendizagem se torne mais relevante;<\/span><\/li>\n<li><span style=\"color: #000000;\"><strong>Autodire\u00e7\u00e3o: <\/strong>foca em desenvolver a autonomia do aluno, ou seja, o aluno \u00e9 o protagonista.<\/span><\/li>\n<\/ul>\n<p><span style=\"color: #000000;\">Para resumir, ao adotar esses princ\u00edpios, a pedagogia de projetos leva a uma abordagem din\u00e2mica e eficaz, deixando o cidad\u00e3o preparado para os desafios da vida real.<\/span><\/p>\n\n<div class=\"wp-block-image\">\n<figure class=\"aligncenter size-full is-resized\"><img loading=\"lazy\" decoding=\"async\" width=\"1024\" height=\"1024\" src=\"https:\/\/universonerd.net\/portalantigo\/wp-content\/uploads\/2026\/01\/Copilot_20260124_200044.png\" alt=\"\" class=\"wp-image-32498\" style=\"width:504px;height:auto\" srcset=\"https:\/\/universonerd.net\/portalantigo\/wp-content\/uploads\/2026\/01\/Copilot_20260124_200044.png 1024w, https:\/\/universonerd.net\/portalantigo\/wp-content\/uploads\/2026\/01\/Copilot_20260124_200044-300x300.png 300w, https:\/\/universonerd.net\/portalantigo\/wp-content\/uploads\/2026\/01\/Copilot_20260124_200044-150x150.png 150w, https:\/\/universonerd.net\/portalantigo\/wp-content\/uploads\/2026\/01\/Copilot_20260124_200044-768x768.png 768w\" sizes=\"auto, (max-width: 1024px) 100vw, 1024px\" \/><\/figure>\n<\/div>\n\n<p>\n\n\n<\/p>\n<p><span style=\"color: #000000;\">Decroly antecipou debates que hoje s\u00e3o centrais: a necessidade de uma escola que prepare para a vida, que valorize a experi\u00eancia concreta e que respeite os ritmos e interesses da crian\u00e7a.<\/span><\/p>\n<p><span style=\"color: #000000;\">\n\n\n\n<\/span><\/p>\n<p><span style=\"color: #000000;\">Ovide Decroly foi mais do que um pedagogo: foi um vision\u00e1rio que compreendeu a educa\u00e7\u00e3o como um processo vital, insepar\u00e1vel da vida em comunidade e da forma\u00e7\u00e3o integral do ser humano. Suas propostas, baseadas na observa\u00e7\u00e3o, associa\u00e7\u00e3o e express\u00e3o, continuam inspirando pr\u00e1ticas que buscam tornar a escola um espa\u00e7o de sentido, participa\u00e7\u00e3o e descoberta.<\/span><\/p>\n<p><span style=\"color: #000000;\">\n\n\n\n<\/span><\/p>\n<p><span style=\"color: #000000;\">Ao olhar para a educa\u00e7\u00e3o atual, percebemos que muitos dos caminhos trilhados por Decroly permanecem abertos e f\u00e9rteis. Ele nos lembra que ensinar n\u00e3o \u00e9 apenas transmitir conte\u00fados, mas <strong>formar cidad\u00e3os capazes de pensar, sentir e agir em sociedade<\/strong>. Seu legado \u00e9, portanto, um convite permanente para que a escola seja um lugar de vida, de experi\u00eancias e de constru\u00e7\u00e3o de humanidade.<\/span><\/p>\n<p><span style=\"color: #000000;\">Vou ficando por aqui! Espero que tenham gostado! At\u00e9 a pr\u00f3xima!<\/span><\/p>\n<p>\n\n\n<\/p>\n\n\n<p>____________________________________________________________________________________________________________<\/p>\n\n\n\n<p><em><strong>Se voc\u00ea gostou, n\u00e3o deixe de participar atrav\u00e9s de sugest\u00f5es, cr\u00edticas e\/ou d\u00favidas. Aproveitem para assinar o Blog, curtir a&nbsp;<a href=\"https:\/\/facebook.com\/universonerd.net\" target=\"_blank\" rel=\"noreferrer noopener\">P\u00e1gina no Facebook<\/a>, interagir no&nbsp;<a href=\"https:\/\/www.facebook.com\/groups\/1285723958213451\/\" target=\"_blank\" rel=\"noreferrer noopener\">Grupo do Facebook<\/a>, al\u00e9m de acompanhar publica\u00e7\u00f5es e ficar por dentro do Projeto Universo NERD.<\/strong><\/em><\/p>\n\n\n\n<p><\/p>\n","protected":false},"excerpt":{"rendered":"<p>Ol\u00e1, queridos leitores. Voltando a s\u00e9rie &#8220;Grandes Nomes da Educa\u00e7\u00e3o&#8221;, nosso assunto de hoje \u00e9 sobre um educador que apostou na autonomia dos alunos como palco principal para a constru\u00e7\u00e3o de conhecimento e esse m\u00e9todo vem sendo adotado cada vez mais pelas escolas. Estamos falando sobre Ovide Decroly. Vamos l\u00e1? Falar de Ovide Decroly \u00e9 [&hellip;]<\/p>\n","protected":false},"author":5,"featured_media":32499,"comment_status":"open","ping_status":"open","sticky":false,"template":"","format":"standard","meta":{"_monsterinsights_skip_tracking":false,"_monsterinsights_sitenote_active":false,"_monsterinsights_sitenote_note":"","_monsterinsights_sitenote_category":0,"footnotes":""},"categories":[2254,130,16,6,119,59,26,1],"tags":[5341,5338,5340,5339,5343,5336,5342,5337],"class_list":["post-32495","post","type-post","status-publish","format-standard","has-post-thumbnail","hentry","category-culrura_e_sociedade","category-educacao","category-ensino","category-familia-nerd","category-geracaonerd","category-literatura","category-paisnerds","category-todascategorias","tag-aprendizagem-ativa","tag-autodirecao","tag-colaboracao","tag-contextualizacao","tag-ecole-de-lermitage","tag-ovide-decroly","tag-pedagogia-de-projetos","tag-protagonista"],"_links":{"self":[{"href":"https:\/\/universonerd.net\/portalantigo\/wp-json\/wp\/v2\/posts\/32495","targetHints":{"allow":["GET"]}}],"collection":[{"href":"https:\/\/universonerd.net\/portalantigo\/wp-json\/wp\/v2\/posts"}],"about":[{"href":"https:\/\/universonerd.net\/portalantigo\/wp-json\/wp\/v2\/types\/post"}],"author":[{"embeddable":true,"href":"https:\/\/universonerd.net\/portalantigo\/wp-json\/wp\/v2\/users\/5"}],"replies":[{"embeddable":true,"href":"https:\/\/universonerd.net\/portalantigo\/wp-json\/wp\/v2\/comments?post=32495"}],"version-history":[{"count":6,"href":"https:\/\/universonerd.net\/portalantigo\/wp-json\/wp\/v2\/posts\/32495\/revisions"}],"predecessor-version":[{"id":32505,"href":"https:\/\/universonerd.net\/portalantigo\/wp-json\/wp\/v2\/posts\/32495\/revisions\/32505"}],"wp:featuredmedia":[{"embeddable":true,"href":"https:\/\/universonerd.net\/portalantigo\/wp-json\/wp\/v2\/media\/32499"}],"wp:attachment":[{"href":"https:\/\/universonerd.net\/portalantigo\/wp-json\/wp\/v2\/media?parent=32495"}],"wp:term":[{"taxonomy":"category","embeddable":true,"href":"https:\/\/universonerd.net\/portalantigo\/wp-json\/wp\/v2\/categories?post=32495"},{"taxonomy":"post_tag","embeddable":true,"href":"https:\/\/universonerd.net\/portalantigo\/wp-json\/wp\/v2\/tags?post=32495"}],"curies":[{"name":"wp","href":"https:\/\/api.w.org\/{rel}","templated":true}]}}