{"id":32426,"date":"2025-12-28T09:30:00","date_gmt":"2025-12-28T12:30:00","guid":{"rendered":"https:\/\/universonerd.net\/portalantigo\/?p=32426"},"modified":"2025-12-27T19:04:45","modified_gmt":"2025-12-27T22:04:45","slug":"o-instante-dos-recomecos","status":"publish","type":"post","link":"https:\/\/universonerd.net\/portalantigo\/o-instante-dos-recomecos\/","title":{"rendered":"O Instante dos Recome\u00e7os"},"content":{"rendered":"<p><span style=\"color: #000000;\">Ol\u00e1, queridos leitores. Hoje, meu artigo \u00e9 uma mensagem para reflex\u00e3o de cada um de n\u00f3s para o ano que se passou e o que vai come\u00e7ar dentro de alguns dias. Espero que gostem e aproveitem!<\/span><\/p>\n<p><span style=\"color: #000000;\">H\u00e1 um dia no calend\u00e1rio em que o tempo parece suspender sua fun\u00e7\u00e3o habitual. Ele deixa de ser medido, deixa de ser coragem, deixa de ser rotina. Nesse dia, o tempo respira. E ao respirar, abre um espa\u00e7o, um v\u00e3o luminoso entre dois segundos, onde a humanidade inteira se reencontra consigo mesma.\u00a0<\/span><\/p>\n<p><span style=\"color: #000000;\">O Ano Novo n\u00e3o \u00e9 uma data. \u00c8 um acontecimento interno, \u00edntimo, quase secreto, que disfar\u00e7a de festa para todos verem. \u00c9 o \u00fanico momento em que o mundo inteiro, sem ensaiar, realiza o mesmo gesto simb\u00f3lico: acreditar que h\u00e1 esperan\u00e7a e que o futuro pode ser reinventado.<\/span><\/p>\n<p><span style=\"color: #000000;\">Um intervalo, onde tudo que \u00e9 realidade hesita. A virada do ano cria esse fen\u00f4meno raro: um intervalo que parece hesitar, como se o universo trope\u00e7asse por um segundo e nos desse passagem.\u00a0<\/span><\/p>\n<blockquote><p><span style=\"color: #000000;\"><em><strong>\u00c9 nesse trope\u00e7o que entramos, carregando nossas d\u00favidas, nossos desejos, nossos medos e nossas vers\u00f5es inacabadas.<\/strong><\/em><\/span><\/p><\/blockquote>\n<p><span style=\"color: #000000;\">O Ano Novo \u00e9 uma dobra no tempo, uma fresta onde o passado perde a for\u00e7a, o presente vai embora deixando marcas e o futuro ainda n\u00e3o exige uma forma. Nesse pequeno espa\u00e7o, pequena fra\u00e7\u00e3o de segundos, somos livres. Livres para imaginar, para desejar, para nos permitir sermos outros, reinventados.<\/span><\/p>\n<p><span style=\"color: #000000;\">\u00c9 curioso como, por algumas horas, a vida parece male\u00e1vel. Como se a realidade estivesse mais branda, mais macia, mais perme\u00e1vel, disposta a nos ouvir e dialogar. \u00c9 nesse instante que ousamos formular perguntas que evitamos o ano inteiro: Quem eu quero ser? O que preciso mudar? O que faz sentido? O qu\u00ea ou quem preciso deixar para tr\u00e1s?<\/span><\/p>\n<p><span style=\"color: #000000;\">Ainda assim, h\u00e1 algo de po\u00e9tico na insist\u00eancia em celebrarmos o Ano Novo: nada muda de fato \u00e0 meia-noite. E mesmo assim, fazemos promessas e, na maioria das vezes, mudamos. \u00c9 como se a esperan\u00e7a fosse um m\u00fasculo que s\u00f3 se exercita quando zera o rel\u00f3gio.\u00a0<\/span><\/p>\n<blockquote><p><span style=\"color: #000000;\"><strong><em>Acreditar no que ainda n\u00e3o existe \u00e9 um ato de coragem, um gesto po\u00e9tico&#8230;. \u00e9 a humanidade dizendo ao universo: &#8220;Eu sei que voc\u00ea \u00e9 imenso, mas eu tamb\u00e9m sou&#8230;&#8221;<\/em><\/strong><\/span><\/p><\/blockquote>\n<p><span style=\"color: #000000;\">O Ano Novo \u00e9 um poema que escrevemos com o corpo inteiro: no abra\u00e7o apertado, no brinde improvisado, no olhar que busca o horizonte, na respira\u00e7\u00e3o que se reorganiza para caber mais vida.\u00a0<\/span><\/p>\n<p><span style=\"color: #000000;\">\u00c9\u00a0 a met\u00e1fora que vestimos para lembrar que somos inacabados, e que isso \u00e9 uma d\u00e1diva!<\/span><\/p>\n<p><span style=\"font-size: revert; color: #000000;\">Se o tempo \u00e9 uma linha cont\u00ednua, ent\u00e3o imagine que o Ano Novo \u00e9 o ponto em que seguramos a caneta com mais firmeza, pois \u00e9 quando percebemos que o futuro n\u00e3o \u00e9 um presente embrulhado, mas uma obra artesanal. Ele se constr\u00f3i no detalhe, no gesto pequeno, na escolha silenciosa que ningu\u00e9m v\u00ea.\u00a0<\/span><\/p>\n<p><span style=\"color: #000000;\">A filosofia nos diz que o tempo \u00e9 indiferente, a poesia nos diz que ele pulsa.\u00a0<\/span><\/p>\n<p><span style=\"color: #000000;\">N\u00e3o seria o Ano Novo a jun\u00e7\u00e3o das duas verdades? Um instante em que o tempo parece, por um breve momento, se importar conosco?<\/span><\/p>\n<p><span style=\"color: #000000;\">E talvez seja por isso que fazemos promessas: n\u00e3o porque acreditamos que vamos cumpri-las todas, mas porque precisamos desse ritual de inten\u00e7\u00e3o.<\/span><\/p>\n<blockquote><p><span style=\"color: #000000;\"><em><strong>Precisamos declarar ao mundo, e a n\u00f3s mesmos, que ainda estamos tentando.<\/strong><\/em><\/span><\/p><\/blockquote>\n<p><span style=\"color: #000000;\">Na verdade, n\u00e3o \u00e9 o Ano Novo que transforma o mundo. Ele nos devolve a capacidade de nos transformarmos, como um espelho que reflete o que ainda podemos ser.<\/span><\/p>\n<p><span style=\"color: #000000;\">\u00c9 o momento em que percebemos que a vida n\u00e3o \u00e9 uma linha reta, mas um conjunto de desvios, curvas, retornos e recome\u00e7os, onde o ato de recome\u00e7ar n\u00e3o \u00e9 voltar a estaca zero, mas avan\u00e7ar com mais consci\u00eancia.\u00a0<\/span><\/p>\n<p><span style=\"color: #000000;\">Celebramos n\u00e3o pelos fogos, nem pela contagem regressiva, nem pelo calend\u00e1rio. Celebramos porque, por um instante, sentimos que a vida nos oferece espa\u00e7o para mudar, para crescer, para errar de novo e acertar de um outro jeito.\u00a0<\/span><\/p>\n<p><span style=\"color: #000000;\">O Ano Novo \u00e9 o lembrete anual de que somos seres de passagem, mas tamb\u00e9m de constru\u00e7\u00e3o. Que somos feitos de tempo, mas tamb\u00e9m de escolhas. E que, apesar de sermos finitos, somos capazes de infinitos recome\u00e7os.\u00a0<\/span><\/p>\n<p><span style=\"color: #000000;\">Meus votos a todos voc\u00eas, queridos leitores, \u00e9 que o ano de 2026 seja um breve intervalo entre dois segundos e que nos ensine que recome\u00e7ar \u00e9 tamb\u00e9m avan\u00e7ar. Um Ano Novo cheio de sa\u00fade, sucesso e esperan\u00e7a de que tudo pode ser melhor! Feliz 2026!<\/span><\/p>\n<p><span style=\"color: #000000;\">At\u00e9 a pr\u00f3xima!\u00a0<\/span><\/p>\n<p data-start=\"7511\" data-end=\"7585\">____________________________________________________________________________________________________________<\/p>\n<p><em><strong>Se voc\u00ea gostou, n\u00e3o deixe de participar atrav\u00e9s de sugest\u00f5es, cr\u00edticas e\/ou d\u00favidas. Aproveitem para assinar o Blog, curtir a\u00a0<a href=\"https:\/\/facebook.com\/universonerd.net\" target=\"_blank\" rel=\"noreferrer noopener\">P\u00e1gina no Facebook<\/a>, interagir no\u00a0<a href=\"https:\/\/www.facebook.com\/groups\/1285723958213451\/\" target=\"_blank\" rel=\"noreferrer noopener\">Grupo do Facebook<\/a>, al\u00e9m de acompanhar publica\u00e7\u00f5es e ficar por dentro do Projeto Universo NERD.<\/strong><\/em><\/p>\n","protected":false},"excerpt":{"rendered":"<p>Ol\u00e1, queridos leitores. Hoje, meu artigo \u00e9 uma mensagem para reflex\u00e3o de cada um de n\u00f3s para o ano que se passou e o que vai come\u00e7ar dentro de alguns dias. Espero que gostem e aproveitem! H\u00e1 um dia no calend\u00e1rio em que o tempo parece suspender sua fun\u00e7\u00e3o habitual. Ele deixa de ser medido, [&hellip;]<\/p>\n","protected":false},"author":5,"featured_media":32429,"comment_status":"open","ping_status":"open","sticky":false,"template":"","format":"standard","meta":{"_monsterinsights_skip_tracking":false,"_monsterinsights_sitenote_active":false,"_monsterinsights_sitenote_note":"","_monsterinsights_sitenote_category":0,"footnotes":""},"categories":[2254,16,6,1],"tags":[5300,5301,5302,297,5306,5304,5305,5303,1648],"class_list":["post-32426","post","type-post","status-publish","format-standard","has-post-thumbnail","hentry","category-culrura_e_sociedade","category-ensino","category-familia-nerd","category-todascategorias","tag-ano-novo-2","tag-coragem","tag-esperanca","tag-filosofia","tag-intervalo","tag-poesia","tag-poetico","tag-recomeco","tag-tempo"],"_links":{"self":[{"href":"https:\/\/universonerd.net\/portalantigo\/wp-json\/wp\/v2\/posts\/32426","targetHints":{"allow":["GET"]}}],"collection":[{"href":"https:\/\/universonerd.net\/portalantigo\/wp-json\/wp\/v2\/posts"}],"about":[{"href":"https:\/\/universonerd.net\/portalantigo\/wp-json\/wp\/v2\/types\/post"}],"author":[{"embeddable":true,"href":"https:\/\/universonerd.net\/portalantigo\/wp-json\/wp\/v2\/users\/5"}],"replies":[{"embeddable":true,"href":"https:\/\/universonerd.net\/portalantigo\/wp-json\/wp\/v2\/comments?post=32426"}],"version-history":[{"count":5,"href":"https:\/\/universonerd.net\/portalantigo\/wp-json\/wp\/v2\/posts\/32426\/revisions"}],"predecessor-version":[{"id":32447,"href":"https:\/\/universonerd.net\/portalantigo\/wp-json\/wp\/v2\/posts\/32426\/revisions\/32447"}],"wp:featuredmedia":[{"embeddable":true,"href":"https:\/\/universonerd.net\/portalantigo\/wp-json\/wp\/v2\/media\/32429"}],"wp:attachment":[{"href":"https:\/\/universonerd.net\/portalantigo\/wp-json\/wp\/v2\/media?parent=32426"}],"wp:term":[{"taxonomy":"category","embeddable":true,"href":"https:\/\/universonerd.net\/portalantigo\/wp-json\/wp\/v2\/categories?post=32426"},{"taxonomy":"post_tag","embeddable":true,"href":"https:\/\/universonerd.net\/portalantigo\/wp-json\/wp\/v2\/tags?post=32426"}],"curies":[{"name":"wp","href":"https:\/\/api.w.org\/{rel}","templated":true}]}}