{"id":32409,"date":"2025-12-21T09:30:00","date_gmt":"2025-12-21T12:30:00","guid":{"rendered":"https:\/\/universonerd.net\/portalantigo\/?p=32409"},"modified":"2025-12-16T22:06:55","modified_gmt":"2025-12-17T01:06:55","slug":"waldorf-expansao-praticas-e-controversias-de-uma-pedagogia-integral","status":"publish","type":"post","link":"https:\/\/universonerd.net\/portalantigo\/waldorf-expansao-praticas-e-controversias-de-uma-pedagogia-integral\/","title":{"rendered":"Waldorf: Expans\u00e3o, Pr\u00e1ticas e Controv\u00e9rsias de Uma Pedagogia Integral"},"content":{"rendered":"<p><span style=\"color: #000000;\">Ol\u00e1, queridos leitores<\/span><\/p>\n<p><span style=\"color: #000000;\">Quem j\u00e1 ouviu falar sobre a Pedagogia Waldorf? Confesso que quando ouvi pela primeira vez a respeito, fiquei bem curiosa. Algumas escolas em S\u00e3o Paulo adotaram esse sistema e \u00e9 bem aceita pela maioria do p\u00fablico em S\u00e3o Paulo.<\/span><\/p>\n<p><span style=\"color: #000000;\">No artigo de hoje, vamos abordar sobre o fundador da Pedagogia Waldorf e tamb\u00e9m sobre seu conceito e sua aplica\u00e7\u00e3o na educa\u00e7\u00e3o. Vamos l\u00e1?<\/span><\/p>\n<p><span style=\"color: #000000;\">Falar sobre Rudolf Steiner \u00e9 mergulhar numa das figuras mais influentes (e tamb\u00e9m mais debatidas) da educa\u00e7\u00e3o do s\u00e9culo XX.<\/span><\/p>\n<h2><span style=\"color: #000000;\"><strong>Quem foi Rudolf Steiner?<\/strong><\/span><\/h2>\n<p><span style=\"color: #000000;\">Rudolf Steiner (1861\u20131925) foi um fil\u00f3sofo austr\u00edaco, cientista social e fundador da antroposofia, uma corrente espiritual que busca integrar ci\u00eancia, arte e espiritualidade. A partir dessa vis\u00e3o, ele criou a Pedagogia Waldorf, hoje uma das abordagens educacionais alternativas mais difundidas no mundo.<\/span><\/p>\n<p><span style=\"color: #000000;\">Segundo as fontes, a pedagogia Waldorf \u00e9 um m\u00e9todo educacional centrado no desenvolvimento humano integral, buscando formar indiv\u00edduos capazes de pensar, sentir e agir com autonomia e criatividade.<\/span><\/p>\n\n\n<figure class=\"wp-block-image size-large\"><img loading=\"lazy\" decoding=\"async\" width=\"1024\" height=\"683\" src=\"https:\/\/universonerd.net\/portalantigo\/wp-content\/uploads\/2025\/12\/ExAlunos_Marilia_003-copy-1024x683.jpg\" alt=\"\" class=\"wp-image-32411\" srcset=\"https:\/\/universonerd.net\/portalantigo\/wp-content\/uploads\/2025\/12\/ExAlunos_Marilia_003-copy-1024x683.jpg 1024w, https:\/\/universonerd.net\/portalantigo\/wp-content\/uploads\/2025\/12\/ExAlunos_Marilia_003-copy-300x200.jpg 300w, https:\/\/universonerd.net\/portalantigo\/wp-content\/uploads\/2025\/12\/ExAlunos_Marilia_003-copy-768x512.jpg 768w, https:\/\/universonerd.net\/portalantigo\/wp-content\/uploads\/2025\/12\/ExAlunos_Marilia_003-copy-1536x1024.jpg 1536w, https:\/\/universonerd.net\/portalantigo\/wp-content\/uploads\/2025\/12\/ExAlunos_Marilia_003-copy-2048x1365.jpg 2048w\" sizes=\"auto, (max-width: 1024px) 100vw, 1024px\" \/><figcaption class=\"wp-element-caption\"><em>A presen\u00e7a constante da arte no dia a dia da escola waldorf \u00e9 estimulada n\u00e3o para o desenvolvimento de uma faculdade em si, mas como ve\u00edculo did\u00e1tico para o aprendizado de todas as mat\u00e9rias.<br>(Fonte: https:\/\/michaelis.org.br\/voce-conhece-a-pedagogia-waldorf\/)<\/em><\/figcaption><\/figure>\n\n\n<p>\u00a0<\/p>\n<p><span style=\"color: #000000;\">Steiner acreditava que o desenvolvimento humano acontece em <strong>ciclos de sete anos<\/strong> (os famosos <em>set\u00eanios<\/em>). Antes de falar sobre cada ciclo, vamos esclarecer a ideia dos set\u00eanios: n\u00e3o \u00e9 apenas uma divis\u00e3o cronol\u00f3gica; \u00e9 uma vis\u00e3o de desenvolvimento que tenta alinhar <strong>maturidade f\u00edsica, emocional e cognitiva<\/strong> com pr\u00e1ticas pedag\u00f3gicas espec\u00edficas. Mesmo quem n\u00e3o segue a pedagogia Waldorf costuma reconhecer que h\u00e1 algo intuitivo, e at\u00e9 corroborado por pesquisas modernas, nessas transi\u00e7\u00f5es.<\/span><\/p>\n<p><span style=\"color: #000000;\">Agora, retomando, Cada ciclo exige um tipo diferente de cuidado pedag\u00f3gico:<\/span><\/p>\n<ul>\n<li><span style=\"color: #000000;\"><strong>0\u20137 anos:<\/strong> imita\u00e7\u00e3o, movimento, brincadeira livre.<\/span><\/li>\n<\/ul>\n<p><span style=\"color: #000000;\">Steiner via essa fase como profundamente <strong>sensorial e motora<\/strong>. A crian\u00e7a aprende observando, repetindo, experimentando com o corpo. A imita\u00e7\u00e3o funciona como principal forma de aprendizagem e o brincar livre cria repert\u00f3rio emocional e social. O movimento organiza o sistema nervoso e prepara a base para aprendizagens futuras.<\/span><\/p>\n<blockquote>\n<p><span style=\"color: #000000;\"><em><strong>Hoje, neuroci\u00eancia e psicologia do desenvolvimento refor\u00e7am que fun\u00e7\u00f5es executivas, linguagem e regula\u00e7\u00e3o emocional se constroem muito por meio da a\u00e7\u00e3o corporal e do jogo simb\u00f3lico. Nesse ponto, Steiner estava bem alinhado com o que d\u00e9cadas depois se tornaria consenso.<\/strong><\/em><\/span><\/p>\n<\/blockquote>\n<p><span style=\"color: #000000;\">Uma vez que a escola Waldorf trabalha como se o jardim de inf\u00e2ncia fosse uma extens\u00e3o da vida dom\u00e9stica, atividades como brincadeira livre permanecem como eixo central. Poucos est\u00edmulos artificiais s\u00e3o oferecidos: nada de telas, brinquedos eletr\u00f4nicos ou excesso de cores. O ritmo di\u00e1rio e semanal \u00e9 ocupado por hist\u00f3rias, culin\u00e1ria, jardinagem e outras atividades l\u00fadicas e reais (cozinhar, costurar, cuidar do ambiente) desenvolvida pelos professores e as crian\u00e7as imitam. O ambiente acolhedor e natural como madeira, tecidos, objetos simples, favorecem demais. A ideia \u00e9 que o corpo e os sentidos sejam nutridos antes de qualquer instru\u00e7\u00e3o formal.<\/span><\/p>\n<ul>\n<li><span style=\"color: #000000;\"><strong>7\u201314 anos:<\/strong> imagina\u00e7\u00e3o, arte, narrativas.<\/span><\/li>\n<\/ul>\n<p><span style=\"color: #000000;\">Quando os dentes permanentes chegam, marco que Steiner usava como s\u00edmbolo de maturidade, a crian\u00e7a entra em uma fase em que a <strong>imagina\u00e7\u00e3o<\/strong> se torna o grande motor cognitivo.<\/span><\/p>\n<p><span style=\"color: #000000;\">Narrativas, mitos, contos e arte ajudam a organizar o mundo interno e a aprendizagem passa por imagens e met\u00e1foras, n\u00e3o por abstra\u00e7\u00f5es frias. A rela\u00e7\u00e3o com o professor ganha import\u00e2ncia afetiva: ele \u00e9 uma figura de refer\u00eancia.<\/span><\/p>\n<p><span style=\"color: #000000;\">\u00c9 uma fase em que a crian\u00e7a ainda n\u00e3o est\u00e1 pronta para pensamento abstrato pleno, mas j\u00e1 tem enorme capacidade de <strong>criar sentido<\/strong>. A pedagogia Waldorf explora isso com for\u00e7a.<\/span><\/p>\n<blockquote>\n<p><em><strong>Aqui a pr\u00e1tica muda completamente. As narrativas estruturam o curr\u00edculo: contos de fadas, mitologias, hist\u00f3rias antigas, biografias integram o aprendizado. A arte come\u00e7a fazer parte de tudo em forma de pintura, desenho de formas, m\u00fasica, flauta, teatro.<\/strong><\/em><\/p>\n<\/blockquote>\n<p><span style=\"color: #000000;\">O professor de classe acompanha o mesmo grupo por v\u00e1rios anos, criando v\u00ednculo. A aprendizagem por imagens \u00e9 feita antes de conceitos abstratos, atrav\u00e9s de met\u00e1foras e hist\u00f3rias. Aqui, entra uma atividade bem interessante, onde a crian\u00e7a produz seu pr\u00f3prio livro, com cadernos feitos \u00e0 m\u00e3o.<\/span><\/p>\n<p><span style=\"color: #000000;\">Nesta fase, o foco \u00e9 alimentar, a imagina\u00e7\u00e3o e a vida emocional, deixando a racionalidade em um segundo plano.<\/span><\/p>\n<ul>\n<li><span style=\"color: #000000;\"><strong>14\u201321 anos:<\/strong> pensamento cr\u00edtico, abstra\u00e7\u00e3o, autonomia<\/span><\/li>\n<\/ul>\n<p><span style=\"color: #000000;\">Aqui surge o que Steiner chamava de \u201cdespertar do eu\u201d. O jovem come\u00e7a a questionar, argumentar, duvidar, fazendo com que a abstra\u00e7\u00e3o se torne poss\u00edvel e necess\u00e1ria.<\/span><\/p>\n<p><span style=\"color: #000000;\">A autonomia intelectual e moral come\u00e7a a se consolidar e \u00e9 o momento ideal para debates, projetos, investiga\u00e7\u00e3o cient\u00edfica, filosofia, escolhas pessoais. A pedagogia Waldorf tenta oferecer desafios reais, mas com suporte emocional, porque \u00e9 tamb\u00e9m uma fase de grande vulnerabilidade.<\/span><\/p>\n<p><span style=\"color: #000000;\">Essa vis\u00e3o provoca interesse porque ela reconhece algo que muitas escolas ignoram: <strong>crian\u00e7as e adolescentes n\u00e3o s\u00e3o adultos em miniatura<\/strong>. Cada fase tem necessidades pr\u00f3prias, e for\u00e7ar etapas \u2014 seja alfabetizar cedo demais, seja exigir pensamento cr\u00edtico antes da hora \u2014 tende a gerar ansiedade, bloqueios e desmotiva\u00e7\u00e3o.<\/span><\/p>\n<p><span style=\"color: #000000;\">Agora sim entra o pensamento cr\u00edtico. Debates, projetos e pesquisas come\u00e7am a permear essa fase de aprendizado. As ci\u00eancias experimentais ganham for\u00e7a e a Filosofia e \u00e9tica aparecem como disciplinas centrais.<\/span><\/p>\n<p><span style=\"color: #000000;\">O jovem \u00e9 convidado a formar opini\u00f5es pr\u00f3prias, demonstrando autonomia. Arte e trabalhos manuais continuam, mas agora com complexidade t\u00e9cnica.<\/span><\/p>\n<p><span style=\"color: #000000;\">A escola tenta equilibrar liberdade com responsabilidade.<\/span><\/p>\n\n\n<figure class=\"wp-block-image size-large\"><img loading=\"lazy\" decoding=\"async\" width=\"1024\" height=\"683\" src=\"https:\/\/universonerd.net\/portalantigo\/wp-content\/uploads\/2025\/12\/Copilot_20251215_105812-1024x683.png\" alt=\"\" class=\"wp-image-32414\" srcset=\"https:\/\/universonerd.net\/portalantigo\/wp-content\/uploads\/2025\/12\/Copilot_20251215_105812-1024x683.png 1024w, https:\/\/universonerd.net\/portalantigo\/wp-content\/uploads\/2025\/12\/Copilot_20251215_105812-300x200.png 300w, https:\/\/universonerd.net\/portalantigo\/wp-content\/uploads\/2025\/12\/Copilot_20251215_105812-768x512.png 768w, https:\/\/universonerd.net\/portalantigo\/wp-content\/uploads\/2025\/12\/Copilot_20251215_105812.png 1536w\" sizes=\"auto, (max-width: 1024px) 100vw, 1024px\" \/><figcaption class=\"wp-element-caption\"><em>A cada sete anos, uma fase da vida se encerra e uma fase nova se inicia. <\/em><\/figcaption><\/figure>\n\n\n<p>\u00a0<\/p>\n<p><span style=\"color: #000000;\">Dito tudo isso, podemos dizer que a Pedagogia Waldorf, inspirada por Steiner, tem alguns princ\u00edpios:<\/span><\/p>\n<ul>\n<li><span style=\"color: #000000;\"><strong>Educa\u00e7\u00e3o art\u00edstica como eixo: <\/strong>As artes n\u00e3o s\u00e3o \u201ccomplemento\u201d, mas parte essencial do desenvolvimento. Pintura, m\u00fasica, teatro, trabalhos manuais e euritmia fazem parte do cotidiano escolar.<\/span><\/li>\n<li><span style=\"color: #000000;\"><strong>Conex\u00e3o com a natureza: <\/strong>O contato com o ambiente natural \u00e9 visto como fundamental para o equil\u00edbrio f\u00edsico e emocional da crian\u00e7a.<\/span><\/li>\n<li><span style=\"color: #000000;\"><strong>Aprendizagem por imagens e narrativas: <\/strong>Hist\u00f3rias, mitos, contos de fadas e met\u00e1foras s\u00e3o usados para nutrir a imagina\u00e7\u00e3o e apoiar o desenvolvimento emocional.<\/span><\/li>\n<li><span style=\"color: #000000;\"><strong>Trabalho manual e habilidades pr\u00e1ticas: <\/strong>Croch\u00ea, tric\u00f4, jardinagem e carpintaria fazem parte do curr\u00edculo, desenvolvendo coordena\u00e7\u00e3o, paci\u00eancia e senso de realiza\u00e7\u00e3o.<\/span><\/li>\n<li><span style=\"color: #000000;\"><strong>Ritmo e rotina: <\/strong>A organiza\u00e7\u00e3o do tempo \u2014 di\u00e1rio, semanal e anual \u2014 \u00e9 estruturada para criar seguran\u00e7a e equil\u00edbrio interno.<\/span><\/li>\n<li><span style=\"color: #000000;\"><strong>O papel do professor: <\/strong>O professor \u00e9 uma figura de refer\u00eancia est\u00e1vel e acompanha a mesma turma por v\u00e1rios anos, criando v\u00ednculo profundo e continuidade pedag\u00f3gica.<\/span><\/li>\n<\/ul>\n<h2><span style=\"color: #000000;\"><strong>Steiner e a educa\u00e7\u00e3o hoje<\/strong><\/span><\/h2>\n<p><span style=\"color: #000000;\">A pedagogia Waldorf se expandiu globalmente e continua influente. As fontes destacam que ela busca integrar aspectos <strong>intelectuais, emocionais e f\u00edsicos<\/strong>, promovendo autonomia, criatividade e responsabilidade.<\/span><\/p>\n<p><span style=\"color: #000000;\">Ao mesmo tempo, por ter base espiritual, ela tamb\u00e9m recebe cr\u00edticas e debates \u2014 especialmente sobre a rela\u00e7\u00e3o entre antroposofia e escola.<\/span><\/p>\n<p><span style=\"color: #000000;\">Steiner prop\u00f5e uma educa\u00e7\u00e3o que veja a crian\u00e7a como um ser em desenvolvimento integral, valorize arte, imagina\u00e7\u00e3o e natureza, al\u00e9m de organizar o curr\u00edculo em c\u00edrculos evolutivos. Tamb\u00e9m aposta em v\u00ednculos fortes entre professor e turma e busca formar indiv\u00edduos criativos, sens\u00edveis e aut\u00f4nomos.<\/span><\/p>\n<blockquote>\n<p><em><strong><span style=\"color: #000000;\">\u00c9 uma vis\u00e3o profundamente humanista, e tamb\u00e9m singular, que continua inspirando escolas no mundo todo.<\/span><\/strong><\/em><\/p>\n<\/blockquote>\n<p><span style=\"color: #000000;\">No Brasil, a pedagogia Waldorf aparece de forma diferente: temos uma das maiores redes Waldorf fora da Europa. As pr\u00e1ticas incluem: aulas de artes e m\u00fasica diariamente, conta\u00e7\u00e3o de hist\u00f3rias, trabalhos manuais, ritmos e festivais e pouca tecnologia nas s\u00e9ries iniciais.<\/span><\/p>\n<p><span style=\"color: #000000;\"><strong>\u00a0<\/strong>H\u00e1 centros de forma\u00e7\u00e3o espec\u00edficos, geralmente ligados \u00e0 antroposofia, ou seja, a busca pela educa\u00e7\u00e3o atrav\u00e9s da compreens\u00e3o do ser humano de forma integral.<\/span><\/p>\n<p><span style=\"color: #000000;\">Algumas redes municipais adotam princ\u00edpios Waldorf em escolas p\u00fablicas, mas isso gera debates sobre: laicidade, curr\u00edculo e forma\u00e7\u00e3o docente. Al\u00e9m disso, existem algumas limita\u00e7\u00f5es em sua implementa\u00e7\u00e3o devido ao alto custo, forma\u00e7\u00e3o longa espec\u00edfica e o debate sobre espiritualidade na escola p\u00fablica.<\/span><\/p>\n<p><span style=\"color: #000000;\">No Brasil, onde a escola p\u00fablica deve ser laica, isso gera debates:<\/span><\/p>\n<ul>\n<li><span style=\"color: #000000;\">\u00c9 leg\u00edtimo adotar pr\u00e1ticas Waldorf em escolas p\u00fablicas?<\/span><\/li>\n<li><span style=\"color: #000000;\">At\u00e9 que ponto a antroposofia \u00e9 filosofia ou religi\u00e3o?<\/span><\/li>\n<li><span style=\"color: #000000;\">Como garantir que a espiritualidade n\u00e3o se torne doutrina\u00e7\u00e3o?<\/span><\/li>\n<\/ul>\n<blockquote>\n<p><em><strong><span style=\"color: #000000;\">A cr\u00edtica aqui \u00e9 clara: a pedagogia Waldorf s\u00f3 pode ser adotada no setor p\u00fablico com muito cuidado e transpar\u00eancia. Nenhuma pedagogia \u00e9 imune a distor\u00e7\u00f5es \u2014 tudo depende da forma\u00e7\u00e3o docente e da cultura escolar.<\/span><\/strong><\/em><\/p>\n<\/blockquote>\n<p><span style=\"color: #000000;\">Em frente \u00e0 realidade brasileira, a Pedagogia Waldorf cresce muito mais no setor privado, devido \u00e0 exig\u00eancia de uma estrutura, \u00e0 forma\u00e7\u00e3o espec\u00edfica e a forte presen\u00e7a de artes e materiais naturais.<\/span><\/p>\n<p><span style=\"color: #000000;\">A pedagogia Waldorf exige: materiais naturais, ambientes cuidadosamente preparados, tempo para artes, turmas pequenas e professores com forma\u00e7\u00e3o longa.\u00a0Isso \u00e9 lindo, mas caro!<\/span><\/p>\n<blockquote>\n<p><em><strong><span style=\"color: #000000;\">A cr\u00edtica \u00e9 estrutural: a beleza da pedagogia Waldorf depende de condi\u00e7\u00f5es que o Brasil n\u00e3o oferece de forma igualit\u00e1ria.<\/span><\/strong><\/em><\/p>\n<\/blockquote>\n<p><span style=\"color: #000000;\">Professores Waldorf precisam de forma\u00e7\u00e3o espec\u00edfica, muitas vezes fora da universidade. Isso cria um sistema fechado, com forte identidade (Waldorf). Isso acarreta discuss\u00f5es sobre a pedagogia Waldorf se tornar um clube e n\u00e3o um sistema de educa\u00e7\u00e3o.<\/span><\/p>\n<h2><span style=\"color: #000000;\"><strong>O que essas pedagogias dizem sobre n\u00f3s?<\/strong><\/span><\/h2>\n<p><span style=\"color: #000000;\">Agora vamos al\u00e9m da compara\u00e7\u00e3o t\u00e9cnica. Vamos para o que realmente importa: <strong>o que essas pedagogias revelam sobre a nossa vis\u00e3o de ser humano e de sociedade<\/strong>.<\/span><\/p>\n<p><span style=\"color: #000000;\">Vamos partir da seguinte pergunta: <em>O que a crian\u00e7a \u00e9?<\/em><\/span><\/p>\n<p><span style=\"color: #000000;\">Sua pedagogia nasce da interioridade, da imagina\u00e7\u00e3o, da espiritualidade, dos ritmos internos. \u00c9 uma pedagogia que acredita que <strong>o mundo \u00e9 revelado de dentro para fora<\/strong>.<\/span><\/p>\n<p><span style=\"color: #000000;\">Filosoficamente, Steiner \u00e9 um idealista espiritual: ele acredita que o ser humano se faz <strong>no encontro consigo mesmo e com o mist\u00e9rio da exist\u00eancia<\/strong>. Da\u00ed nasce a necessidade de sentido e transcend\u00eancia. O Brasil, com sua desigualdade estrutural, tende a separar essas necessidades: os pobres recebem educa\u00e7\u00e3o \u201crealista\u201d (Freinet) e os ricos recebem educa\u00e7\u00e3o \u201cintegral\u201d (Steiner)<\/span><\/p>\n<p><span style=\"color: #000000;\">A reflex\u00e3o filos\u00f3fica aqui \u00e9 dura:<\/span><\/p>\n<blockquote>\n<p><em><strong><span style=\"color: #000000;\">A desigualdade brasileira se expressa at\u00e9 na forma como concebemos o que \u00e9 ser crian\u00e7a. O ideal seria integrar, n\u00e3o misturar.<\/span><\/strong><\/em><\/p>\n<\/blockquote>\n<p><span style=\"color: #000000;\">Segundo Steiner, a vida \u00e9 simb\u00f3lica. S\u00f3 que a educa\u00e7\u00e3o brasileira precisa do simb\u00f3lico, mas tamb\u00e9m do concreto. Misturados, mas n\u00e3o superficialmente e sim, com um di\u00e1logo profundo entre o mundo que existe e o mundo que desejamos.<\/span><\/p>\n<p><span style=\"color: #000000;\">Gostaram? Vou ficando por aqui! At\u00e9 a pr\u00f3xima!<\/span><\/p>\n<p data-start=\"7511\" data-end=\"7585\">____________________________________________________________________________________________________________<\/p>\n<p><em><strong>Se voc\u00ea gostou, n\u00e3o deixe de participar atrav\u00e9s de sugest\u00f5es, cr\u00edticas e\/ou d\u00favidas. Aproveitem para assinar o Blog, curtir a\u00a0<a href=\"https:\/\/facebook.com\/universonerd.net\" target=\"_blank\" rel=\"noreferrer noopener\">P\u00e1gina no Facebook<\/a>, interagir no\u00a0<a href=\"https:\/\/www.facebook.com\/groups\/1285723958213451\/\" target=\"_blank\" rel=\"noreferrer noopener\">Grupo do Facebook<\/a>, al\u00e9m de acompanhar publica\u00e7\u00f5es e ficar por dentro do Projeto Universo NERD.<\/strong><\/em><\/p>","protected":false},"excerpt":{"rendered":"<p>Ol\u00e1, queridos leitores Quem j\u00e1 ouviu falar sobre a Pedagogia Waldorf? Confesso que quando ouvi pela primeira vez a respeito, fiquei bem curiosa. Algumas escolas em S\u00e3o Paulo adotaram esse sistema e \u00e9 bem aceita pela maioria do p\u00fablico em S\u00e3o Paulo. No artigo de hoje, vamos abordar sobre o fundador da Pedagogia Waldorf e [&hellip;]<\/p>\n","protected":false},"author":5,"featured_media":32420,"comment_status":"open","ping_status":"open","sticky":false,"template":"","format":"standard","meta":{"_monsterinsights_skip_tracking":false,"_monsterinsights_sitenote_active":false,"_monsterinsights_sitenote_note":"","_monsterinsights_sitenote_category":0,"footnotes":""},"categories":[2254,130,16,6,1],"tags":[5298,1560,5206,5297,1562,5299,5295],"class_list":["post-32409","post","type-post","status-publish","format-standard","has-post-thumbnail","hentry","category-culrura_e_sociedade","category-educacao","category-ensino","category-familia-nerd","category-todascategorias","tag-escola-publica","tag-motora","tag-pedagogia","tag-rudolph-steiner","tag-sensorial","tag-setenios","tag-waldorf"],"_links":{"self":[{"href":"https:\/\/universonerd.net\/portalantigo\/wp-json\/wp\/v2\/posts\/32409","targetHints":{"allow":["GET"]}}],"collection":[{"href":"https:\/\/universonerd.net\/portalantigo\/wp-json\/wp\/v2\/posts"}],"about":[{"href":"https:\/\/universonerd.net\/portalantigo\/wp-json\/wp\/v2\/types\/post"}],"author":[{"embeddable":true,"href":"https:\/\/universonerd.net\/portalantigo\/wp-json\/wp\/v2\/users\/5"}],"replies":[{"embeddable":true,"href":"https:\/\/universonerd.net\/portalantigo\/wp-json\/wp\/v2\/comments?post=32409"}],"version-history":[{"count":8,"href":"https:\/\/universonerd.net\/portalantigo\/wp-json\/wp\/v2\/posts\/32409\/revisions"}],"predecessor-version":[{"id":32424,"href":"https:\/\/universonerd.net\/portalantigo\/wp-json\/wp\/v2\/posts\/32409\/revisions\/32424"}],"wp:featuredmedia":[{"embeddable":true,"href":"https:\/\/universonerd.net\/portalantigo\/wp-json\/wp\/v2\/media\/32420"}],"wp:attachment":[{"href":"https:\/\/universonerd.net\/portalantigo\/wp-json\/wp\/v2\/media?parent=32409"}],"wp:term":[{"taxonomy":"category","embeddable":true,"href":"https:\/\/universonerd.net\/portalantigo\/wp-json\/wp\/v2\/categories?post=32409"},{"taxonomy":"post_tag","embeddable":true,"href":"https:\/\/universonerd.net\/portalantigo\/wp-json\/wp\/v2\/tags?post=32409"}],"curies":[{"name":"wp","href":"https:\/\/api.w.org\/{rel}","templated":true}]}}