{"id":30448,"date":"2023-03-12T11:30:00","date_gmt":"2023-03-12T14:30:00","guid":{"rendered":"https:\/\/universonerd.net\/portalantigo\/?p=30448"},"modified":"2023-03-11T17:48:35","modified_gmt":"2023-03-11T20:48:35","slug":"precisamos-falar-sobre-hunters-2a-temporada","status":"publish","type":"post","link":"https:\/\/universonerd.net\/portalantigo\/precisamos-falar-sobre-hunters-2a-temporada\/","title":{"rendered":"Precisamos Falar Sobre: Hunters &#8211; 2\u00aa Temporada"},"content":{"rendered":"<p><span style=\"color: #000000;\">Sauda\u00e7\u00f5es meus caros <em>nerds<\/em> antifascistas de plant\u00e3o. Tudo bom convosco? J\u00e1 \u00e9 praxe, no atual cen\u00e1rio das s\u00e9ries televisivas, reter a aten\u00e7\u00e3o do p\u00fablico por meio de quebra-cabe\u00e7as e resolu\u00e7\u00f5es incompletas que ficam sempre para ser desvendados na temporada seguinte, fidelizando, assim, os telespectadores por mais uma longa s\u00e9rie de epis\u00f3dios. Por\u00e9m, indo na contram\u00e3o dessa tend\u00eancia, uma excelente obra chega ao fim logo em sua segunda temporada, mesmo com um potencial enorme para se prolongar por mais algumas. \u00c9 por esse e outros motivos que, hoje, precisamos falar sobre a segunda temporada de <strong><em>Hunters<\/em><\/strong>.<\/span><\/p>\n\n\n<div class=\"wp-block-image\"><figure class=\"aligncenter size-full\"><a href=\"https:\/\/universonerd.net\/portalantigo\/wp-content\/uploads\/2023\/03\/capinha.jpg\"><img loading=\"lazy\" decoding=\"async\" width=\"674\" height=\"942\" src=\"https:\/\/universonerd.net\/portalantigo\/wp-content\/uploads\/2023\/03\/capinha.jpg\" alt=\"\" class=\"wp-image-30449\" srcset=\"https:\/\/universonerd.net\/portalantigo\/wp-content\/uploads\/2023\/03\/capinha.jpg 674w, https:\/\/universonerd.net\/portalantigo\/wp-content\/uploads\/2023\/03\/capinha-215x300.jpg 215w\" sizes=\"auto, (max-width: 674px) 100vw, 674px\" \/><\/a><\/figure><\/div>\n\n\n<p><span style=\"color: #000000;\">Lan\u00e7ada no come\u00e7o deste ano, a s\u00e9rie, cria\u00e7\u00e3o de David Weil, teve seu roteiro escrito pela dupla composta por seu pr\u00f3prio criador e David J. Rosen. Apesar de algumas baixas significativas na primeira temporada, a maior parte dos personagens retornou, mesmo que com apari\u00e7\u00f5es via <em>flashback<\/em>. Al\u00e9m deles, tivemos excelentes participa\u00e7\u00f5es, em especial, da atriz Jennifer Jason Leigh, no papel da tia-av\u00f3 de Jonah, dada como morta. Al\u00e9m dela, estrearam Tommy Martinez, interpretando Georges, um m\u00e1gico franc\u00eas; Emily Rudd, como Clara; e Udo Kier no papel do decr\u00e9pito, mas ainda tirano, Adolf Hitler.<\/span><\/p>\n<p><span style=\"color: #000000;\">&nbsp;A segunda temporada retoma exatamente do ponto de onde terminou a primeira: Meyer Offerman morto, separa\u00e7\u00e3o do grupo de ca\u00e7adores e os nazistas a pleno vapor tentando destruir o mundo. Todavia, Jonah, que continuou ca\u00e7ando nazistas pela Europa, acaba descobrindo que o pr\u00f3prio Hitler conseguira fingir sua morte e fugir para a Am\u00e9rica do Sul ao final da Segunda Guerra Mundial. Assim, ele decide reunir o grupo, adicionando a ele a agente do FBI, Millie Morris \u2013 frustrada por ver que os nazistas que prendia usando os meios legais, acabavam sendo soltos pela justi\u00e7a \u2013 al\u00e9m de fundi-lo com o grupo comandado por Chava Apfelbaum, sua tia av\u00f3, para que, juntos, pudessem seguir o rasto e capturar o l\u00edder do Terceiro Reich a fim de vingar os milh\u00f5es de judeus mortos por sua ordem.<\/span><\/p>\n<p><span style=\"color: #000000;\">E assim a s\u00e9rie segue: bem mais direta e violenta do que a temporada anterior, principalmente pelo fato de Jonah n\u00e3o ser mais um mero estudante e de haver necessidade de focar em sua transforma\u00e7\u00e3o como ca\u00e7ador. Agora ele est\u00e1 pronto e mais obcecado em capturar nazistas do que seus companheiros. No intervalo das ca\u00e7adas, ambientada no ano de 1979, h\u00e1 <em>flashbacks<\/em> que retornam ao ano de 1975 trazendo a narrativa de Meyer Offerman, que mostra como ele conseguiu se disfar\u00e7ar de um bem-sucedido empres\u00e1rio judeu e formar o grupo para ca\u00e7ar os criminosos de guerra alem\u00e3es. Por mais que saibamos como se deu esse desfecho, \u00e9 sempre \u00f3timo ver o grande Al Pacino atuando!<\/span><\/p>\n\n\n<figure class=\"wp-block-embed aligncenter is-type-video is-provider-youtube wp-block-embed-youtube wp-embed-aspect-16-9 wp-has-aspect-ratio\"><div class=\"wp-block-embed__wrapper\">\n<iframe loading=\"lazy\" title=\"Hunters - Temporada 2 | Trailer Oficial | Prime Video\" width=\"789\" height=\"444\" src=\"https:\/\/www.youtube.com\/embed\/hqUkEwK_7T0?feature=oembed\" frameborder=\"0\" allow=\"accelerometer; autoplay; clipboard-write; encrypted-media; gyroscope; picture-in-picture; web-share\" referrerpolicy=\"strict-origin-when-cross-origin\" allowfullscreen><\/iframe>\n<\/div><\/figure>\n\n\n<p><span style=\"color: #000000;\">Sem nenhuma enrola\u00e7\u00e3o (nem <em>spoiler<\/em>!), a s\u00e9rie realmente chega a seu final. Talvez pelo custo da produ\u00e7\u00e3o e sal\u00e1rio dos atores (bancar um Al Pacino da vida deve custar muito caro!), criador e roteirista d\u00e3o uma conclus\u00e3o \u00e0 hist\u00f3ria que, segundo a cr\u00edtica especializada, tem agradado a maioria. Dava para prolongar e \u201carrastar\u201d a s\u00e9rie? Certamente! Futuramente, \u00e9 poss\u00edvel acrescentar outras temporadas e dar continuidade \u00e0 narrativa? Com certeza! Todavia, no caso de Hunters, a inten\u00e7\u00e3o \u00e9 deixar ao p\u00fablico uma obra excelente e \u201cenxuta\u201d, sem epis\u00f3dios <em>fillers <\/em>ou mal elaborados apenas para formar quantidade. Apesar de concordar com essa l\u00f3gica, confesso que, no caso da s\u00e9rie em quest\u00e3o, sentirei saudades&#8230;<\/span><\/p>\n<p><span style=\"color: #000000;\">Caso ainda n\u00e3o tenha assistido \u00e0 segunda temporada, n\u00e3o perca tempo em se deliciar com ela. Se nem a primeira voc\u00ea ainda assistiu, mesmo j\u00e1 tendo uma ideia vaga do que aconteceu nela, eis aqui um programa que vai reter sua aten\u00e7\u00e3o e te entreter por bons epis\u00f3dios, afinal, numa contemporaneidade onde o fascismo d\u00e1 as caras novamente, \u00e9 sempre bom ver os mais famosos entre eles se dando mal.<\/span><\/p>\n<p><span style=\"color: #000000;\">Abra\u00e7os e at\u00e9 breve.<\/span><\/p>\n\n\n<p> ____________________________________________________________________________________________________________   <\/p>\n\n\n<p><span style=\"color: #000000;\"><em><strong data-rich-text-format-boundary=\"true\">Se voc\u00ea gostou, n\u00e3o deixe de participar atrav\u00e9s de sugest\u00f5es, cr\u00edticas e\/ou d\u00favidas. Aproveitem para assinar o Blog, curtir a <a style=\"color: #000000;\" href=\"https:\/\/facebook.com\/universonerd.net\" target=\"_blank\" rel=\"noreferrer noopener\">P\u00e1gina no Facebook<\/a>, interagir no <a style=\"color: #000000;\" href=\"https:\/\/www.facebook.com\/groups\/1285723958213451\/\" target=\"_blank\" rel=\"noreferrer noopener\">Grupo do Facebook<\/a>, al\u00e9m de acompanhar publica\u00e7\u00f5es e ficar por dentro do Projeto Universo NERD.<\/strong><\/em><\/span><\/p>","protected":false},"excerpt":{"rendered":"<p>Sauda\u00e7\u00f5es meus caros nerds antifascistas de plant\u00e3o. Tudo bom convosco? J\u00e1 \u00e9 praxe, no atual cen\u00e1rio das s\u00e9ries televisivas, reter a aten\u00e7\u00e3o do p\u00fablico por meio de quebra-cabe\u00e7as e resolu\u00e7\u00f5es incompletas que ficam sempre para ser desvendados na temporada seguinte, fidelizando, assim, os telespectadores por mais uma longa s\u00e9rie de epis\u00f3dios. Por\u00e9m, indo na contram\u00e3o [&hellip;]<\/p>\n","protected":false},"author":13,"featured_media":30450,"comment_status":"open","ping_status":"open","sticky":false,"template":"","format":"standard","meta":{"_monsterinsights_skip_tracking":false,"_monsterinsights_sitenote_active":false,"_monsterinsights_sitenote_note":"","_monsterinsights_sitenote_category":0,"footnotes":""},"categories":[45,1],"tags":[4676,1082,229,179],"class_list":["post-30448","post","type-post","status-publish","format-standard","has-post-thumbnail","hentry","category-cinema-series-tv","category-todascategorias","tag-hunters","tag-opiniao","tag-series","tag-series-de-tv"],"_links":{"self":[{"href":"https:\/\/universonerd.net\/portalantigo\/wp-json\/wp\/v2\/posts\/30448","targetHints":{"allow":["GET"]}}],"collection":[{"href":"https:\/\/universonerd.net\/portalantigo\/wp-json\/wp\/v2\/posts"}],"about":[{"href":"https:\/\/universonerd.net\/portalantigo\/wp-json\/wp\/v2\/types\/post"}],"author":[{"embeddable":true,"href":"https:\/\/universonerd.net\/portalantigo\/wp-json\/wp\/v2\/users\/13"}],"replies":[{"embeddable":true,"href":"https:\/\/universonerd.net\/portalantigo\/wp-json\/wp\/v2\/comments?post=30448"}],"version-history":[{"count":0,"href":"https:\/\/universonerd.net\/portalantigo\/wp-json\/wp\/v2\/posts\/30448\/revisions"}],"wp:featuredmedia":[{"embeddable":true,"href":"https:\/\/universonerd.net\/portalantigo\/wp-json\/wp\/v2\/media\/30450"}],"wp:attachment":[{"href":"https:\/\/universonerd.net\/portalantigo\/wp-json\/wp\/v2\/media?parent=30448"}],"wp:term":[{"taxonomy":"category","embeddable":true,"href":"https:\/\/universonerd.net\/portalantigo\/wp-json\/wp\/v2\/categories?post=30448"},{"taxonomy":"post_tag","embeddable":true,"href":"https:\/\/universonerd.net\/portalantigo\/wp-json\/wp\/v2\/tags?post=30448"}],"curies":[{"name":"wp","href":"https:\/\/api.w.org\/{rel}","templated":true}]}}