{"id":30282,"date":"2022-11-06T11:30:00","date_gmt":"2022-11-06T14:30:00","guid":{"rendered":"https:\/\/universonerd.net\/portalantigo\/?p=30282"},"modified":"2022-11-05T16:58:38","modified_gmt":"2022-11-05T19:58:38","slug":"precisamos-falar-sobre-bom-dia-veronica-2a-temporada","status":"publish","type":"post","link":"https:\/\/universonerd.net\/portalantigo\/precisamos-falar-sobre-bom-dia-veronica-2a-temporada\/","title":{"rendered":"Precisamos Falar Sobre: Bom Dia, Ver\u00f4nica (2\u00aa Temporada)"},"content":{"rendered":"<p><span style=\"color: #000000;\">Sauda\u00e7\u00f5es, meus caros <em>nerds<\/em> de plant\u00e3o! Tudo bom convosco? Sabemos o quanto o cinema nacional, em compara\u00e7\u00e3o ao americano e europeu, \u00e9 \u201cfraco\u201d e carente de recursos, investimentos e incentivo. Por isso, quando uma s\u00e9rie brasileira \u00e9 alocada numa das operadoras de <em>streamings<\/em> mais populares do mundo e faz sucesso, \u00e9 algo digno de aplauso; quando essa s\u00e9rie \u00e9 renovada, retorna com for\u00e7a total e tem grandes chances de ganhar uma terceira temporada, torna-se motivo de orgulho para todos n\u00f3s, brasileiros, pois isso n\u00e3o \u00e9 nada comum. \u00c9 por esses e outros motivos que, hoje, precisamos falar sobre a segunda temporada de <strong>Bom Dia, Ver\u00f4nica<\/strong>.<\/span><\/p>\n\n\n<div class=\"wp-block-image\"><figure class=\"aligncenter size-full\"><a href=\"https:\/\/universonerd.net\/portalantigo\/wp-content\/uploads\/2022\/11\/capinha.jpg\"><img loading=\"lazy\" decoding=\"async\" width=\"609\" height=\"762\" src=\"https:\/\/universonerd.net\/portalantigo\/wp-content\/uploads\/2022\/11\/capinha.jpg\" alt=\"\" class=\"wp-image-30283\" srcset=\"https:\/\/universonerd.net\/portalantigo\/wp-content\/uploads\/2022\/11\/capinha.jpg 609w, https:\/\/universonerd.net\/portalantigo\/wp-content\/uploads\/2022\/11\/capinha-240x300.jpg 240w\" sizes=\"auto, (max-width: 609px) 100vw, 609px\" \/><\/a><\/figure><\/div>\n\n\n<p><span style=\"color: #000000;\">Lan\u00e7ada pela Netflix no comecinho de agosto, a segunda temporada de <em>Bom Dia, Ver\u00f4nica<\/em> manteve a dupla Raphael Montes e Ilana Casoy como respons\u00e1veis pela sua produ\u00e7\u00e3o e roteiro. Os atores, cujos personagens terminaram vivos ao final da primeira temporada, est\u00e3o de volta. S\u00e3o eles: Tain\u00e1 M\u00fcller, como a protagonista Ver\u00f4nica; Reynaldo Gianecchini, como o l\u00edder religioso Matias Carneiro; Camila M\u00e1rdila, como Gisele, esposa de Matias; Klara Castanha no papel de \u00c2ngela, filha do casal; Isabelle Nassar (Olga, diretora do orfanato); Elisa Volpatto (delegada Anita); S\u00edlvio Guindane (Nelson); Adriano Garib (legista Prata); dentre outros.<\/span><\/p>\n<p><span style=\"color: #000000;\">Agora dividida em seis epis\u00f3dios com uma hora aproximada de dura\u00e7\u00e3o cada, ao inv\u00e9s de oito com 45 minutos, a segunda temporada \u00e9 bem mais din\u00e2mica que a primeira, tendo em vista que seus conflitos e suas respectivas resolu\u00e7\u00f5es acontecem sem maiores enrola\u00e7\u00f5es. Novamente, a trama \u00e9 focada em temas bastante delicados, tais como estupro, abuso f\u00edsico e psicol\u00f3gico, al\u00e9m de charlatanismo religioso que usa a f\u00e9 e fragilidade de pessoas desesperadas com a inten\u00e7\u00e3o de enriquecimento il\u00edcito e realiza\u00e7\u00e3o de outras atrocidades.<\/span><\/p>\n<p><span style=\"color: #000000;\">&nbsp;Ver\u00f4nica Torres retorna, agora com o codinome de \u201cJanete\u201d, para continuar investigando a m\u00e1fia por detr\u00e1s dos acontecimentos da primeira temporada, almejando, evidentemente, pegar os cabe\u00e7as da organiza\u00e7\u00e3o. Sem cometer um <em>spoiler <\/em>grave (pois isso \u00e9 percept\u00edvel nos p\u00f4steres da s\u00e9rie e fica claro logo no primeiro epis\u00f3dio), a batalha dessa vez ser\u00e1 contra o l\u00edder religioso Matias Carneiro, principal mantenedor do orfanato Cosme Dami\u00e3o, que conforme se observar\u00e1 no decorrer da temporada, tem outras inten\u00e7\u00f5es al\u00e9m de cuidar de crian\u00e7as.<\/span><\/p>\n\n\n<div class=\"wp-block-image\"><figure class=\"aligncenter size-large\"><a href=\"https:\/\/universonerd.net\/portalantigo\/wp-content\/uploads\/2022\/11\/fotin-1.jpg\"><img loading=\"lazy\" decoding=\"async\" width=\"1024\" height=\"516\" src=\"https:\/\/universonerd.net\/portalantigo\/wp-content\/uploads\/2022\/11\/fotin-1-1024x516.jpg\" alt=\"\" class=\"wp-image-30285\" srcset=\"https:\/\/universonerd.net\/portalantigo\/wp-content\/uploads\/2022\/11\/fotin-1-1024x516.jpg 1024w, https:\/\/universonerd.net\/portalantigo\/wp-content\/uploads\/2022\/11\/fotin-1-300x151.jpg 300w, https:\/\/universonerd.net\/portalantigo\/wp-content\/uploads\/2022\/11\/fotin-1-768x387.jpg 768w, https:\/\/universonerd.net\/portalantigo\/wp-content\/uploads\/2022\/11\/fotin-1.jpg 1280w\" sizes=\"auto, (max-width: 1024px) 100vw, 1024px\" \/><\/a><\/figure><\/div>\n\n\n<p><span style=\"color: #000000;\">A meu ver, o ponto forte da segunda temporada \u00e9 a rela\u00e7\u00e3o conflituosa entre a fam\u00edlia de Matias. A forma com que ele trata sua esposa, Gisele, e sua filha, Klara, gera, ao mesmo tempo, tens\u00e3o e repulsa no telespectador; Gianecchini que, venhamos a concordar, \u00e9 reconhecido mais por ser bonito do que grande ator, mandou muito bem dessa vez! Seu <em>modus operandi<\/em> com que realiza os cultos e rituais de sua seita se assemelham (e muito!) aos diversos golpes praticados por \u201cl\u00edderes religiosos\u201d que vemos por a\u00ed&#8230;<\/span><\/p>\n<p><span style=\"color: #000000;\">Al\u00e9m de toda investiga\u00e7\u00e3o e cenas de a\u00e7\u00e3o que rolam nos epis\u00f3dios, outro ponto que deve ser destacado \u00e9 o drama familiar vivenciado por Ver\u00f4nica. \u00c9 bem marcante \u2013 e percept\u00edvel pela grande atua\u00e7\u00e3o da atriz \u2013 a vontade e urg\u00eancia da personagem em desbancar de vez a organiza\u00e7\u00e3o contra a qual luta desde a primeira temporada, visto que, para a prote\u00e7\u00e3o de sua fam\u00edlia, manteve-se longe de seu esposo e filhos, vendo-os tentando prosseguir suas vidas sem ela. E quanto mais isso se prolonga, dado o acobertamento e participa\u00e7\u00e3o criminosa de gente influente de dentro do sistema (ju\u00edzes, pol\u00edticos e policiais), mais a protagonista percebe sua fam\u00edlia jogando-a no limbo do esquecimento.<\/span><\/p>\n<p><span style=\"color: #000000;\">Enfim, caros investigadores <em>nerds<\/em>, a segunda temporada de <em>Bom Dia, Ver\u00f4nica<\/em> est\u00e1 t\u00e3o boa (ou melhor) quanto a estreia e merece sua aten\u00e7\u00e3o. Se voc\u00ea assistiu a primeira, tenho certeza de que assistir\u00e1 \u00e0 continua\u00e7\u00e3o para matar sua curiosidade sobre o desenrolar dos fatos. Acaso a s\u00e9rie seja uma novidade para ti, d\u00ea uma chance a ela! Garanto: \u00e9 produto nacional, mas \u00e9 de qualidade!<\/span><\/p>\n<p><span style=\"color: #000000;\">Abra\u00e7os e at\u00e9 breve.<\/span><\/p>\n\n\n<p> _____________________________________________________________________________________________________________ <\/p>\n\n\n<p><em><strong data-rich-text-format-boundary=\"true\">Se voc\u00ea gostou, n\u00e3o deixe de participar atrav\u00e9s de sugest\u00f5es, cr\u00edticas e\/ou d\u00favidas. Aproveitem para assinar o Blog, curtir a <a href=\"https:\/\/facebook.com\/universonerd.net\" target=\"_blank\" rel=\"noreferrer noopener\">P\u00e1gina no Facebook<\/a>, interagir no <a href=\"https:\/\/www.facebook.com\/groups\/1285723958213451\/\" target=\"_blank\" rel=\"noreferrer noopener\">Grupo do Facebook<\/a>, al\u00e9m de acompanhar publica\u00e7\u00f5es e ficar por dentro do Projeto Universo NERD.<\/strong><\/em><\/p>","protected":false},"excerpt":{"rendered":"<p>Sauda\u00e7\u00f5es, meus caros nerds de plant\u00e3o! Tudo bom convosco? Sabemos o quanto o cinema nacional, em compara\u00e7\u00e3o ao americano e europeu, \u00e9 \u201cfraco\u201d e carente de recursos, investimentos e incentivo. Por isso, quando uma s\u00e9rie brasileira \u00e9 alocada numa das operadoras de streamings mais populares do mundo e faz sucesso, \u00e9 algo digno de aplauso; [&hellip;]<\/p>\n","protected":false},"author":13,"featured_media":30284,"comment_status":"open","ping_status":"open","sticky":false,"template":"","format":"standard","meta":{"_monsterinsights_skip_tracking":false,"_monsterinsights_sitenote_active":false,"_monsterinsights_sitenote_note":"","_monsterinsights_sitenote_category":0,"footnotes":""},"categories":[45,1],"tags":[4640,3395,697,229,179,3396],"class_list":["post-30282","post","type-post","status-publish","format-standard","has-post-thumbnail","hentry","category-cinema-series-tv","category-todascategorias","tag-2o-temporada","tag-bom-dia","tag-netflix","tag-series","tag-series-de-tv","tag-veronica"],"_links":{"self":[{"href":"https:\/\/universonerd.net\/portalantigo\/wp-json\/wp\/v2\/posts\/30282","targetHints":{"allow":["GET"]}}],"collection":[{"href":"https:\/\/universonerd.net\/portalantigo\/wp-json\/wp\/v2\/posts"}],"about":[{"href":"https:\/\/universonerd.net\/portalantigo\/wp-json\/wp\/v2\/types\/post"}],"author":[{"embeddable":true,"href":"https:\/\/universonerd.net\/portalantigo\/wp-json\/wp\/v2\/users\/13"}],"replies":[{"embeddable":true,"href":"https:\/\/universonerd.net\/portalantigo\/wp-json\/wp\/v2\/comments?post=30282"}],"version-history":[{"count":0,"href":"https:\/\/universonerd.net\/portalantigo\/wp-json\/wp\/v2\/posts\/30282\/revisions"}],"wp:featuredmedia":[{"embeddable":true,"href":"https:\/\/universonerd.net\/portalantigo\/wp-json\/wp\/v2\/media\/30284"}],"wp:attachment":[{"href":"https:\/\/universonerd.net\/portalantigo\/wp-json\/wp\/v2\/media?parent=30282"}],"wp:term":[{"taxonomy":"category","embeddable":true,"href":"https:\/\/universonerd.net\/portalantigo\/wp-json\/wp\/v2\/categories?post=30282"},{"taxonomy":"post_tag","embeddable":true,"href":"https:\/\/universonerd.net\/portalantigo\/wp-json\/wp\/v2\/tags?post=30282"}],"curies":[{"name":"wp","href":"https:\/\/api.w.org\/{rel}","templated":true}]}}