{"id":21985,"date":"2020-04-12T23:06:00","date_gmt":"2020-04-13T02:06:00","guid":{"rendered":"https:\/\/universonerd.net\/portalantigo\/?p=21985"},"modified":"2020-06-10T23:06:42","modified_gmt":"2020-06-11T02:06:42","slug":"tempo-de-despertar-uma-doenca-devastadora","status":"publish","type":"post","link":"https:\/\/universonerd.net\/portalantigo\/tempo-de-despertar-uma-doenca-devastadora\/","title":{"rendered":"Tempo de Despertar: uma doen\u00e7a devastadora"},"content":{"rendered":"<p><span style=\"color: #000000;\">Ol\u00e1, queridos leitores. Em meio \u00e0 uma quarentena, causada por uma pandemia, vivemos momentos de preocupa\u00e7\u00e3o, n\u00e3o s\u00f3 conosco mas com nossos familiares. Por\u00e9m, esta n\u00e3o \u00e9 a primeira situa\u00e7\u00e3o ca\u00f3tica que o mundo presencia. Ao longo dos tempos, a humanidade sobreviveu \u00e0 algumas doen\u00e7as devastadoras. Hoje, quero falar para voc\u00eas sobre uma que ficou conhecida como <strong>\u201cDoen\u00e7a do Sono\u201d<\/strong>. Vamos conhecer?<\/span><\/p>\n<p><span style=\"color: #000000;\">Na d\u00e9cada de 1920, uma misteriosa pandemia levou \u00e0 morte aproximadamente um milh\u00e3o de pessoas e deixou, aproximadamente, 4 milh\u00f5es de pessoas em estado catat\u00f4nico, aparentemente, durante d\u00e9cadas, incapazes de qualquer a\u00e7\u00e3o de forma independente: falar, comer e assim por diante.<\/span><\/p>\n<p><span style=\"color: #000000;\">As pessoas tinham o aspecto de uma est\u00e1tua viva. Alguns pacientes permaneceram assim, at\u00e9 aproximadamente o ano de 1960, quando um experimento m\u00e9dico <em>\u201cos despertou\u201d<\/em>. Por esse motivo, esse experimento ficou conhecido como <strong>\u201cTempo de Despertar\u201d<\/strong> e trouxe uma verdadeira revolu\u00e7\u00e3o aos estudos neurol\u00f3gicos.<\/span><\/p>\n<h3><span style=\"color: #000000;\">Origem<\/span><\/h3>\n<p><span style=\"color: #000000;\">Logo ap\u00f3s a Primeira Guerra Mundial, estamos falando do ano de 1917, at\u00e9 aproximadamente 1921, essa misteriosa doen\u00e7a se espalhou pelo mundo. Ningu\u00e9m sabe ao certo qual foi sua origem, mas o que se sabia era que se tratava de uma doen\u00e7a neurol\u00f3gica: atacava o c\u00e9rebro, deixando as pessoas sem fala e qualquer movimento volunt\u00e1rio.<\/span><\/p>\n<p><span style=\"color: #000000;\">Alguns relatos diziam que uma noiva simplesmente \u201cadormeceu\u201d no altar. Fatos como esse aconteceram ao redor do mundo. Por\u00e9m, o conjunto de sintomas dessa doen\u00e7a j\u00e1 eram conhecidos desde a antiguidade e j\u00e1 havia sido batizado por Hip\u00f3crates, na antiga Gr\u00e9cia, como <strong>lethargus.<\/strong><\/span><\/p>\n<p><span style=\"color: #000000;\">Do grego,<strong> lethargos<\/strong>, significa uma condi\u00e7\u00e3o intensa e demorada de inconsci\u00eancia que se assemelha ao sono profundo. A pessoa pode at\u00e9 despertar, mas logo em seguida cai na mesma condi\u00e7\u00e3o.<\/span><\/p>\n<p><span style=\"color: #000000;\">Outros sintomas que fazem parte desse conjunto s\u00e3o: febre, tremores, fraqueza f\u00edsica, os quais afetavam indiv\u00edduos com mais de 25 anos, principalmente em dias de baix\u00edssima temperatura, podendo levar o indiv\u00edduo \u00e0 pneumonia e, consequentemente, \u00e0 morte.<\/span><\/p>\n<p><span style=\"color: #000000;\">Aqueles que conseguiram sobreviver \u00e0 doen\u00e7a eram como pessoas \u201ccongeladas\u201d dentro de corpos quase sem vida por muitos anos.<\/span><\/p>\n<p><span style=\"color: #000000;\">Um neurologista brit\u00e2nico, <strong>Oliver Sacks<\/strong>, em 1966, presenciou dezenas de pacientes com encefalite let\u00e1rgica, em sua chegada ao hospital <strong>Beth Abraham<\/strong>, no Bronx, em Nova York. Ele afirmou que nunca tinha visto tantos pacientes naquelas condi\u00e7\u00f5es: im\u00f3veis, como se fosse uma carca\u00e7a, sem ningu\u00e9m vivo do lado de dentro.<\/span><\/p>\n<p><span style=\"color: #000000;\"><strong>Sacks<\/strong> come\u00e7ou a tratar esses pacientes e observ\u00e1-los: percebeu que havia sinais de consci\u00eancia neles, principalmente quando um dos enfermeiros tocava piano para entreter os residentes. Alguns deles se levantavam e dan\u00e7avam, ou seja, alguma coisa despertava o sistema motor, motivando-os \u00e0 a\u00e7\u00e3o.<\/span><\/p>\n<p><span style=\"color: #000000;\"><strong>Sacks<\/strong> ficou conhecido como o brit\u00e2nico exc\u00eantrico, que prescrevia os mais diversos tipos de atestados. Gra\u00e7as \u00e0 sua fama, <strong>Tomaino<\/strong>, musicoterapeuta, havia acabado de iniciar sua carreira em uma \u00e1rea de estudo considerada nova e ficou muito intrigado com um bilhete enviado por <strong>Sacks<\/strong> a ele:<\/span><\/p>\n<blockquote>\n<p>&#8216;<em><strong>Toda doen\u00e7a \u00e9 um problema musical, toda cura, uma solu\u00e7\u00e3o musical&#8217;.<\/strong><\/em><\/p>\n<\/blockquote>\n<p><span style=\"color: #000000;\">Os dois acabaram iniciando uma parceria pioneira nos estudos de musicoterapia e seus efeitos neurol\u00f3gicos. Paciente que at\u00e9 ent\u00e3o estavam catat\u00f4nicos, ao ouvirem m\u00fasica, mostravam-se presentes mentalmente, conseguindo at\u00e9 mesmo tocar alguns instrumentos de percuss\u00e3o.<\/span><\/p>\n<p><span style=\"color: #000000;\">Outros testes foram feitos com <i>levodopa<\/i>, sendo que em alguns casos, o efeito foi imediato e dram\u00e1tico ao mesmo tempo. Voc\u00eas podem at\u00e9 perguntar o porqu\u00ea e digo a voc\u00eas que a resposta \u00e9 muito simples: algumas pessoas que ca\u00edram em sono profundo muito jovens, acabaram acordando ap\u00f3s muitos anos, j\u00e1 envelhecidos, em um mundo um pouco diferente do que conhecia. A adapta\u00e7\u00e3o era um desafio para o paciente e para a equipe m\u00e9dica.<\/span><\/p>\n<p><span style=\"color: #000000;\">A grande pergunta que a equipe m\u00e9dica e os estudiosos faziam era: quem era aquele indiv\u00edduo quando acordava? Alguns acordavam e se tornavam pessoas angustiadas; outros tinham medo, pois j\u00e1 n\u00e3o reconheciam mais o mundo em que estavam.<\/span><\/p>\n<blockquote>\n<p><em><strong>Voc\u00eas conseguem imaginar, acordar ap\u00f3s 15 ou 20 anos, com tudo diferente?<\/strong><\/em><\/p>\n<\/blockquote>\n<p><span style=\"color: #000000;\">Al\u00e9m disso, com o passar do tempo, a <i>levedopa<\/i> perdeu o efeito e os pacientes apresentaram uma piora consider\u00e1vel. E apesar de todas as descobertas que <strong>Tomaino<\/strong> e <strong>Sacks<\/strong> haviam feito, os cientistas ainda se mostravam bem c\u00e9ticos quanto a qualquer sinal de melhora nesses pacientes.<\/span><\/p>\n<p><span style=\"color: #000000;\"><strong>Oliver Sacks<\/strong> faleceu em 2015, tendo publicado livros que, inclusive, deram origem \u00e0 produ\u00e7\u00f5es cinematogr\u00e1ficas, fazendo refer\u00eancia ao assunto.<\/span><\/p>\n<p><span style=\"color: #000000;\"><strong>Connie Tomaino<\/strong> se tornou uma refer\u00eancia internacional em musicoterapia.<\/span><\/p>\n<p><span style=\"color: #000000;\">At\u00e9 a pr\u00f3xima!<\/span><\/p>\n\n<p><\/p>\n<p>\u00a0<strong>________________________________________________________________________<\/strong>_____<\/p>\n<p> <\/p>\n<p><strong><em>Se voc\u00ea gostou, n\u00e3o deixe de participar atrav\u00e9s de sugest\u00f5es, cr\u00edticas e\/ou d\u00favidas. Aproveitem para assinar o Blog, curtir a <a href=\"https:\/\/facebook.com\/universonerd.net\" target=\"_blank\" rel=\"noreferrer noopener\">P\u00e1gina no Facebook<\/a>, interagir no <a href=\"https:\/\/www.facebook.com\/groups\/1285723958213451\/\" target=\"_blank\" rel=\"noreferrer noopener\">Grupo do Facebook<\/a>, al\u00e9m de acompanhar publica\u00e7\u00f5es e ficar por dentro do Projeto Universo NERD, de sorteios, concursos e demais promo\u00e7\u00f5es.<\/em><\/strong><\/p>","protected":false},"excerpt":{"rendered":"<p>Ol\u00e1, queridos leitores. Em meio \u00e0 uma quarentena, causada por uma pandemia, vivemos momentos de preocupa\u00e7\u00e3o, n\u00e3o s\u00f3 conosco mas com nossos familiares. Por\u00e9m, esta n\u00e3o \u00e9 a primeira situa\u00e7\u00e3o ca\u00f3tica que o mundo presencia. Ao longo dos tempos, a humanidade sobreviveu \u00e0 algumas doen\u00e7as devastadoras. Hoje, quero falar para voc\u00eas sobre uma que ficou [&hellip;]<\/p>\n","protected":false},"author":5,"featured_media":21987,"comment_status":"open","ping_status":"open","sticky":false,"template":"","format":"standard","meta":{"_monsterinsights_skip_tracking":false,"_monsterinsights_sitenote_active":false,"_monsterinsights_sitenote_note":"","_monsterinsights_sitenote_category":0,"footnotes":""},"categories":[963,1],"tags":[3183,3181,3180],"class_list":["post-21985","post","type-post","status-publish","format-standard","has-post-thumbnail","hentry","category-dicas-e-curiosidades","category-todascategorias","tag-connie-tomaino","tag-letarghus","tag-tempo-de-despertar"],"_links":{"self":[{"href":"https:\/\/universonerd.net\/portalantigo\/wp-json\/wp\/v2\/posts\/21985","targetHints":{"allow":["GET"]}}],"collection":[{"href":"https:\/\/universonerd.net\/portalantigo\/wp-json\/wp\/v2\/posts"}],"about":[{"href":"https:\/\/universonerd.net\/portalantigo\/wp-json\/wp\/v2\/types\/post"}],"author":[{"embeddable":true,"href":"https:\/\/universonerd.net\/portalantigo\/wp-json\/wp\/v2\/users\/5"}],"replies":[{"embeddable":true,"href":"https:\/\/universonerd.net\/portalantigo\/wp-json\/wp\/v2\/comments?post=21985"}],"version-history":[{"count":0,"href":"https:\/\/universonerd.net\/portalantigo\/wp-json\/wp\/v2\/posts\/21985\/revisions"}],"wp:featuredmedia":[{"embeddable":true,"href":"https:\/\/universonerd.net\/portalantigo\/wp-json\/wp\/v2\/media\/21987"}],"wp:attachment":[{"href":"https:\/\/universonerd.net\/portalantigo\/wp-json\/wp\/v2\/media?parent=21985"}],"wp:term":[{"taxonomy":"category","embeddable":true,"href":"https:\/\/universonerd.net\/portalantigo\/wp-json\/wp\/v2\/categories?post=21985"},{"taxonomy":"post_tag","embeddable":true,"href":"https:\/\/universonerd.net\/portalantigo\/wp-json\/wp\/v2\/tags?post=21985"}],"curies":[{"name":"wp","href":"https:\/\/api.w.org\/{rel}","templated":true}]}}