{"id":18812,"date":"2019-03-22T21:11:26","date_gmt":"2019-03-23T00:11:26","guid":{"rendered":"https:\/\/universonerd.net\/portalantigo\/?p=18812"},"modified":"2019-03-23T14:16:12","modified_gmt":"2019-03-23T17:16:12","slug":"a-heranca-fenicia-para-o-mundo","status":"publish","type":"post","link":"https:\/\/universonerd.net\/portalantigo\/a-heranca-fenicia-para-o-mundo\/","title":{"rendered":"A Heran\u00e7a Fen\u00edcia Para O Mundo"},"content":{"rendered":"\n<p class=\"has-text-color has-very-dark-gray-color\">Ol\u00e1, queridos leitores. Hoje vou falar um pouquinho para voc\u00eas sobre um per\u00edodo da<strong> Hist\u00f3ria<\/strong>. Apesar da minha forma\u00e7\u00e3o em Letras, gosto muito de Hist\u00f3ria Antiga. Vamos l\u00e1?<br><\/p>\n\n\n\n<p class=\"has-text-color has-very-dark-gray-color\">Quando falamos sobre povos antigos, o que vem \u00e0 sua cabe\u00e7a? Os gregos e romanos, os mais citados nas aulas de hist\u00f3ria? Ou os eg\u00edpcios que constru\u00edram as incr\u00edveis pir\u00e2mides, as quais abrigam tesouros imensur\u00e1veis?<\/p>\n\n\n\n<blockquote class=\"wp-block-quote is-layout-flow wp-block-quote-is-layout-flow\"><p><strong><em>Qualquer que seja a mem\u00f3ria que se apresente, muitos povos da antiguidade desenvolveram grandes civiliza\u00e7\u00f5es. Algumas deixaram registros hist\u00f3ricos escritos, outras deixaram artefatos valiosos, como joias, armas, entre outros. Isso sem falarmos das grandes ru\u00ednas de suas cidades. \u00c9 atrav\u00e9s destes achados, que tentamos reconstruir suas hist\u00f3rias.<\/em><\/strong><\/p><\/blockquote>\n\n\n\n<p class=\"has-text-color has-very-dark-gray-color\">Dentre estas civiliza\u00e7\u00f5es, temos uma que se destacou pela habilidade de navega\u00e7\u00e3o e dom\u00ednio do com\u00e9rcio mar\u00edtimo. Al\u00e9m disso, a escrita desse povo serviu de base para que os gregos criassem o primeiro alfabeto.<br><\/p>\n\n\n\n<h3 class=\"wp-block-heading\">Vamos descobrir quem foi esse povo?<\/h3>\n\n\n\n<p class=\"has-text-color has-very-dark-gray-color\">Sua origem \u00e9 desconhecida, por\u00e9m, o que se tem conhecimento \u00e9 que h\u00e1 mais ou menos 3.000 anos antes de Cristo, os antepassados dos fen\u00edcios j\u00e1 viviam no territ\u00f3rio onde hoje corresponde a todo o L\u00edbano, parte da S\u00edria e de Israel. Na \u00e9poca, esse territ\u00f3rio era conhecido como Cana\u00e3.<\/p>\n\n\n\n<p class=\"has-text-color has-very-dark-gray-color\">A palavra <strong><em>&#8220;fen\u00edcio&#8221;<\/em><\/strong> vem do grego <strong><em>&#8220;phoinios&#8221;<\/em><\/strong> e significa <strong><em>&#8220;p\u00farpura&#8221;<\/em><\/strong>, que era uma tinta extra\u00edda de um molusco e comercializada pelos fen\u00edcios.<br>Embora a regi\u00e3o onde viviam tivesse o solo muito f\u00e9rtil, eles sempre demonstraram interesse pelo mar. Gra\u00e7as aos contato com civiliza\u00e7\u00f5es de grande poder n\u00e1utico, como cretenses e eg\u00edpcios, tornaram-se excelentes navegadores e construtores de navios.<\/p>\n\n\n\n<div class=\"wp-block-image\"><figure class=\"aligncenter\"><img loading=\"lazy\" decoding=\"async\" width=\"600\" height=\"400\" src=\"https:\/\/universonerd.net\/portalantigo\/wp-content\/uploads\/2019\/03\/Figura-1.jpg\" alt=\"\" class=\"wp-image-18816\" srcset=\"https:\/\/universonerd.net\/portalantigo\/wp-content\/uploads\/2019\/03\/Figura-1.jpg 600w, https:\/\/universonerd.net\/portalantigo\/wp-content\/uploads\/2019\/03\/Figura-1-300x200.jpg 300w, https:\/\/universonerd.net\/portalantigo\/wp-content\/uploads\/2019\/03\/Figura-1-599x400.jpg 599w\" sizes=\"auto, (max-width: 600px) 100vw, 600px\" \/><\/figure><\/div>\n\n\n\n<blockquote class=\"wp-block-quote is-layout-flow wp-block-quote-is-layout-flow\"><p><strong><em>Um dos primeiros produtos comercializados foi o cedro, madeira encontrada na encosta das montanhas e utilizada na constru\u00e7\u00e3o das embarca\u00e7\u00f5es.<\/em><\/strong><\/p><\/blockquote>\n\n\n\n<p class=\"has-text-color has-very-dark-gray-color\">Os fen\u00edcios nunca tiveram um territ\u00f3rio que pudessem chamar de &#8220;pa\u00eds&#8221;, assim viviam em cidades-estados, como os gregos, cada uma com seu governo independente. Os reis n\u00e3o tinham poder total, pois deviam governar de acordo com os sacerdotes, os especialistas em leis e um conselho de anci\u00e3os.<\/p>\n\n\n\n<p class=\"has-text-color has-very-dark-gray-color\">A elite inclu\u00eda grandes comerciantes, construtores navais e donos de oficinas de artesanato. Em seguida, vinham os trabalhadores livres e por \u00faltimo, a classe muito pobre e os escravos.<\/p>\n\n\n\n<p class=\"has-text-color has-very-dark-gray-color\">A religi\u00e3o era algo muito importante. Cada cidade tinha seu deus ou deusa como &#8220;patrono&#8221;, n\u00e3o necessariamente diferentes em cada local. Vejam abaixo, alguns dos deuses mais conhecidos:<\/p>\n\n\n\n<ul class=\"wp-block-list\"><li>Baal: regente do universo;<\/li><li>Melcart: deus do submundo;<\/li><li>Astarte: deusa celeste;<\/li><li>Eshmun: deus da cura;<\/li><li>Tanit: deusa protetora de Cartago;<\/li><\/ul>\n\n\n\n<p class=\"has-text-color has-very-dark-gray-color\">Com a troca e a mistura de culturas, gra\u00e7as ao com\u00e9rcio, foi comprovado que esses deuses tinham seus equivalentes entre os gregos e romanos.<\/p>\n\n\n\n<h3 class=\"wp-block-heading\">Neg\u00f3cios<\/h3>\n\n\n\n<p class=\"has-text-color has-very-dark-gray-color\">Por volta do ano de 2500 a.C., as cidades-estados fen\u00edcias funcionavam a todo vapor. Com um ritmo de com\u00e9rcio acelerado, todas elas tinham portos bem equipados e o com\u00e9rcio mar\u00edtimo era sua principal atividade.<\/p>\n\n\n\n<p class=\"has-text-color has-very-dark-gray-color\">Os produtos comercializados eram: cedro, tecidos tingidos com p\u00farpura, vinho, azeite, perfume, vidros, cer\u00e2micas, armas de bronze e ferro, entre muitos outros. Al\u00e9m disso, comercializava muitos escravos.<\/p>\n\n\n\n<blockquote class=\"wp-block-quote is-layout-flow wp-block-quote-is-layout-flow\"><p><strong><em>Seu auge, no com\u00e9rcio mar\u00edtimo, ocorreu por volta do ano 1200 a.C. <\/em><\/strong><\/p><\/blockquote>\n\n\n\n<p style=\"text-align:left\" class=\"has-text-color has-very-dark-gray-color\">Isso, gra\u00e7as aos chamados <strong><em>Povos do Mar<\/em><\/strong>, que devido \u00e0s disputas com os eg\u00edpcios, a pol\u00edtica e a economia da regi\u00e3o sofreram altera\u00e7\u00e3o, favorecendo os fen\u00edcios e ampliando suas rotas de com\u00e9rcio.<\/p>\n\n\n\n<h3 class=\"wp-block-heading\">Leitura<\/h3>\n\n\n\n<p class=\"has-text-color has-very-dark-gray-color\">Segundo alguns historiadores, os fen\u00edcios possu\u00edam uma literatura riqu\u00edssima. Os registros de suas obras eram feitos em papiro, importado do Egito em quantidades t\u00e3o exageradas que a cidade do Egito que exportava esse material ficou conhecida pelo seu nome: Biblos (de onde surgiu, mais tarde, o termo <strong><em>B\u00edblia<\/em><\/strong>, que significa <em><strong>&#8220;O livro&#8221;<\/strong><\/em>).<\/p>\n\n\n\n<p class=\"has-text-color has-very-dark-gray-color\">Como o papiro era um material muito fraco, infelizmente muitos documentos foram perdidos com o tempo. Mas, independente disso, os fen\u00edcios eram um povo que levou adiante muitas inova\u00e7\u00f5es culturais, divulgando ideias, seu conhecimento e uma tecnologia avan\u00e7ada para sua&nbsp;\u00e9poca, influenciado pela civiliza\u00e7\u00e3o da Ass\u00edria e da Babil\u00f4nia.<\/p>\n\n\n\n<blockquote class=\"wp-block-quote is-layout-flow wp-block-quote-is-layout-flow\"><p><strong><em>A sua contribui\u00e7\u00e3o mais importante foi o sistema de escrita, adaptado pelos gregos, dando origem ao primeiro alfabeto, por volta do s\u00e9culo 8, anterior \u00e0 nossa era.<\/em><\/strong><\/p><\/blockquote>\n\n\n\n<p class=\"has-text-color has-very-dark-gray-color\">A civiliza\u00e7\u00e3o fen\u00edcia come\u00e7ou a perder for\u00e7a por volta do ano 539 a.C., quando Ciro, rei da P\u00e9rsia, conquistou o territ\u00f3rio, dividindo-o em 4 reinos vassalos, os quais deveriam fornecer navios ao povo Persa.<\/p>\n\n\n\n<p class=\"has-text-color has-very-dark-gray-color\">No ano de 332 a.C., foi a vez de Alexandre, o Grande, rei da Maced\u00f4nia, conquistar a cidade de Tiro. A partir desse momento, todo o territ\u00f3rio fen\u00edcio foi ficando cada vez mais sob dom\u00ednio dos gregos, que al\u00e9m de tudo dominaram o com\u00e9rcio mar\u00edtimo.<\/p>\n\n\n\n<p class=\"has-text-color has-very-dark-gray-color\">Sua cultura foi ficando cada vez mais apagada e durante muitos anos, sua hist\u00f3ria permaneceu como mist\u00e9rio absoluto. Hoje, as pistas encontradas por arque\u00f3logos v\u00e3o revelando aos poucos o cotidiano desse povo e fazendo o mundo conhecer a import\u00e2ncia que tiveram para nosso com\u00e9rcio.<\/p>\n\n\n\n<p class=\"has-text-color has-very-dark-gray-color\">At\u00e9 a pr\u00f3xima!<\/p>\n\n\n\n<p class=\"has-text-color has-very-dark-gray-color\">________________________________________________________________________________<\/p>\n\n\n\n<p class=\"has-text-color has-very-dark-gray-color\"><strong><em>Se voc\u00ea gostou deste artigo, n\u00e3o deixe de participar atrav\u00e9s de sugest\u00f5es, cr\u00edticas e\/ou d\u00favidas. Aproveitem para assinar o Blog, curtir a P\u00e1gina no Facebook, interagir no Grupo do Facebook, al\u00e9m de acompanhar publica\u00e7\u00f5es e ficar por dentro do Projeto Universo NERD, de sorteios, concursos e demais promo\u00e7\u00f5es.<\/em><\/strong><\/p>\n","protected":false},"excerpt":{"rendered":"<p>Ol\u00e1, queridos leitores. Hoje vou falar um pouquinho para voc\u00eas sobre um per\u00edodo da Hist\u00f3ria. Apesar da minha forma\u00e7\u00e3o em Letras, gosto muito de Hist\u00f3ria Antiga. Vamos l\u00e1? Quando falamos sobre povos antigos, o que vem \u00e0 sua cabe\u00e7a? Os gregos e romanos, os mais citados nas aulas de hist\u00f3ria? Ou os eg\u00edpcios que constru\u00edram [&hellip;]<\/p>\n","protected":false},"author":5,"featured_media":18813,"comment_status":"open","ping_status":"open","sticky":false,"template":"","format":"standard","meta":{"_monsterinsights_skip_tracking":false,"_monsterinsights_sitenote_active":false,"_monsterinsights_sitenote_note":"","_monsterinsights_sitenote_category":0,"footnotes":""},"categories":[16,59,1],"tags":[2244,2235,2242,2231,2238,2228,2229],"class_list":["post-18812","post","type-post","status-publish","format-standard","has-post-thumbnail","hentry","category-ensino","category-literatura","category-todascategorias","tag-alexandre","tag-baal","tag-cretenses","tag-egipcios","tag-eshmun","tag-fenicios","tag-historia-antiga"],"_links":{"self":[{"href":"https:\/\/universonerd.net\/portalantigo\/wp-json\/wp\/v2\/posts\/18812","targetHints":{"allow":["GET"]}}],"collection":[{"href":"https:\/\/universonerd.net\/portalantigo\/wp-json\/wp\/v2\/posts"}],"about":[{"href":"https:\/\/universonerd.net\/portalantigo\/wp-json\/wp\/v2\/types\/post"}],"author":[{"embeddable":true,"href":"https:\/\/universonerd.net\/portalantigo\/wp-json\/wp\/v2\/users\/5"}],"replies":[{"embeddable":true,"href":"https:\/\/universonerd.net\/portalantigo\/wp-json\/wp\/v2\/comments?post=18812"}],"version-history":[{"count":0,"href":"https:\/\/universonerd.net\/portalantigo\/wp-json\/wp\/v2\/posts\/18812\/revisions"}],"wp:featuredmedia":[{"embeddable":true,"href":"https:\/\/universonerd.net\/portalantigo\/wp-json\/wp\/v2\/media\/18813"}],"wp:attachment":[{"href":"https:\/\/universonerd.net\/portalantigo\/wp-json\/wp\/v2\/media?parent=18812"}],"wp:term":[{"taxonomy":"category","embeddable":true,"href":"https:\/\/universonerd.net\/portalantigo\/wp-json\/wp\/v2\/categories?post=18812"},{"taxonomy":"post_tag","embeddable":true,"href":"https:\/\/universonerd.net\/portalantigo\/wp-json\/wp\/v2\/tags?post=18812"}],"curies":[{"name":"wp","href":"https:\/\/api.w.org\/{rel}","templated":true}]}}