{"id":14877,"date":"2018-05-23T10:36:29","date_gmt":"2018-05-23T13:36:29","guid":{"rendered":"https:\/\/universonerd.net\/portalantigo\/?p=14877"},"modified":"2018-05-24T11:43:47","modified_gmt":"2018-05-24T14:43:47","slug":"voce-conhece-o-trava-linguas","status":"publish","type":"post","link":"https:\/\/universonerd.net\/portalantigo\/voce-conhece-o-trava-linguas\/","title":{"rendered":"Voc\u00ea Conhece O Trava-L\u00ednguas?"},"content":{"rendered":"<p>Ol\u00e1, queridos leitores.. O assunto que trago hoje \u00e9 muito interessante. E querem saber de onde surgiu a ideia desse tema? De uma conversa com meus filhos, em um almo\u00e7o de final de semana&#8230; rs. Hoje falarei sobre o <strong>trava-l\u00ednguas<\/strong>, sua origem, seu uso na escola e qual sua liga\u00e7\u00e3o com as Parlendas. Vamos l\u00e1?<\/p>\n<p>Em primeiro lugar, \u00e9 muito importante saber o que \u00e9 um trava-l\u00ednguas, apesar de acreditar que muitos de voc\u00eas sabem. Trava-l\u00ednguas \u00e9 um conjunto de palavras que formam uma frase e s\u00e3o de dif\u00edcil pronuncia\u00e7\u00e3o. Al\u00e9m de aperfei\u00e7oar a pron\u00fancia, serve como disputas divertidas entre amigos. Quem nunca fez isso?<\/p>\n<blockquote><p><em><strong>O rato roeu a roupa do rei de Roma, a rainha com raiva resolveu remendar.<\/strong><\/em><\/p><\/blockquote>\n<p>Ou por exemplo &#8230;<\/p>\n<blockquote><p><em><strong>Num ninho de mafagafos, cinco mafagafinhos h\u00e1! Quem os desmafagafizar-os, um bom desmafagafizador ser\u00e1!<\/strong><\/em><\/p><\/blockquote>\n<p>Tenho certeza que alguns de voc\u00eas acabaram de perder alguns minutos tentando \ud83d\ude42<\/p>\n<p>Os trava-l\u00ednguas s\u00e3o parte da <strong>cultural popular<\/strong>. Possui um toque de elementos folcl\u00f3ricos, como lendas, adivinhas, contos, enfim. Na verdade, o trava-l\u00ednguas \u00e9 uma modalidade de <em>Parlendas<\/em>. Para quem n\u00e3o sabe, <em>Parlendas<\/em> s\u00e3o versos com tem\u00e1ticas infantis, os quais normalmente s\u00e3o recitados em brincadeiras para crian\u00e7as. S\u00e3o usadas para socializa\u00e7\u00e3o ou simplesmente para brincar com os pequenos. Tem sua origem no folclore e na sabedoria popular, fazendo parte da cultural verbal. Algumas <em>Parlendas<\/em> s\u00e3o muito antigas e fazem parte do folclore brasileiro. Vamos ver dois exemplos bem legais a seguir:<\/p>\n<p><a href=\"https:\/\/universonerd.net\/portalantigo\/wp-content\/uploads\/2018\/05\/Um-dois-feij\u00e3o-com-arroz-2.jpg\"><img loading=\"lazy\" decoding=\"async\" class=\"aligncenter wp-image-14892 size-full\" src=\"https:\/\/universonerd.net\/portalantigo\/wp-content\/uploads\/2018\/05\/Um-dois-feij\u00e3o-com-arroz-2.jpg\" alt=\"\" width=\"606\" height=\"473\" srcset=\"https:\/\/universonerd.net\/portalantigo\/wp-content\/uploads\/2018\/05\/Um-dois-feij\u00e3o-com-arroz-2.jpg 606w, https:\/\/universonerd.net\/portalantigo\/wp-content\/uploads\/2018\/05\/Um-dois-feij\u00e3o-com-arroz-2-300x234.jpg 300w\" sizes=\"auto, (max-width: 606px) 100vw, 606px\" \/><\/a><\/p>\n<p><a href=\"https:\/\/universonerd.net\/portalantigo\/wp-content\/uploads\/2018\/05\/Batatinha-quando-nasce.jpg\"><img loading=\"lazy\" decoding=\"async\" class=\"aligncenter wp-image-14896\" src=\"https:\/\/universonerd.net\/portalantigo\/wp-content\/uploads\/2018\/05\/Batatinha-quando-nasce-300x169.jpg\" alt=\"\" width=\"606\" height=\"341\" srcset=\"https:\/\/universonerd.net\/portalantigo\/wp-content\/uploads\/2018\/05\/Batatinha-quando-nasce-300x169.jpg 300w, https:\/\/universonerd.net\/portalantigo\/wp-content\/uploads\/2018\/05\/Batatinha-quando-nasce-768x432.jpg 768w, https:\/\/universonerd.net\/portalantigo\/wp-content\/uploads\/2018\/05\/Batatinha-quando-nasce-1024x576.jpg 1024w, https:\/\/universonerd.net\/portalantigo\/wp-content\/uploads\/2018\/05\/Batatinha-quando-nasce.jpg 1280w\" sizes=\"auto, (max-width: 606px) 100vw, 606px\" \/><\/a><\/p>\n<p>A palavra <em>Parlenda<\/em> \u00e9 uma \u201cparente\u201d de \u201cpalavra\u201d que vem do latim <em>par\u00e1bola<\/em> e do grego <em>parabol\u00e9, <\/em>que significa \u201ccompara\u00e7\u00e3o\u201d. Vem da palavra <em>parolar, <\/em>que significa falar muito, tagarelar<em>. <\/em>A partir disso, surge o significado de <em>Parlenda<\/em> como est\u00e1 no dicion\u00e1rio: falat\u00f3rio, palavreado. Por isso, o trava-l\u00edngua tem aparentemente o mesmo significado, por\u00e9m, com uma diferen\u00e7a: a repeti\u00e7\u00e3o de sons com um certo grau de dificuldade.<\/p>\n<blockquote><p><em><strong>O grande atrativo, principalmente para as crian\u00e7as, \u00e9 repeti-los at\u00e9 conseguir faz\u00ea-lo sem errar&#8230;<\/strong><\/em><\/p><\/blockquote>\n<p>&#8230; E o detalhe \u00e9 que as crian\u00e7as conseguem ter no\u00e7\u00e3o do ritmo e percebem que, quanto mais r\u00e1pido repetir, menor ser\u00e1 a chance de concluir a frase toda.<\/p>\n<p>Esse tipo de atividade \u00e9 bem usada para praticar a leitura oral, mas \u00e9 importante ter muito cuidado para n\u00e3o expor alunos com dificuldades. Os trava-l\u00ednguas, normalmente s\u00e3o associados \u00e0 brincadeiras, como por exemplo a famosa \u201ccorre cutia\u201d. Isso torna o aprendizado extremamente mais l\u00fadico e mais eficaz.<\/p>\n<h4>Vou relacionar abaixo alguns trava-l\u00ednguas. Espero que se divirtam!<\/h4>\n<p><em>&#8220;H\u00e1 quatro quadros tr\u00eas e tr\u00eas quadros quatro. Sendo que quatro destes quadros s\u00e3o quadrados, um dos quadros quatro e tr\u00eas dos quadros tr\u00eas. Os tr\u00eas quadros que n\u00e3o s\u00e3o quadrados, s\u00e3o dois dos quadros quatro e um dos quadros tr\u00eas&#8221;.<\/em><\/p>\n<p><em>&#8220;Corre cutia, na casa da tia. Corre cip\u00f3, na casa da v\u00f3. Lencinho na m\u00e3o, caiu no ch\u00e3o, mo\u00e7a bonita do meu cora\u00e7\u00e3o.&#8221;<\/em><\/p>\n<p><em>&#8220;Chupa cana chupador de cana na cama chupa cana chuta cama cai no ch\u00e3o&#8221;.<\/em><\/p>\n<p><em>&#8220;Pinga a pipa dentro do prato, pia o pinto e mia o gato&#8221;.<\/em><\/p>\n<p><em>&#8220;No vaso tinha uma aranha e uma r\u00e3. A r\u00e3 arranha a aranha. A aranha arranha a r\u00e3&#8221;.<\/em><\/p>\n<p><em>&#8220;Quer que voc\u00ea me diga sete vezes encarrilhado, sem errar e sem tomar f\u00f4lego: vaca preta, boi-pintado&#8221;.<\/em><\/p>\n<p><em>&#8220;Olha o sapo dentro do saco. O saco com o sapo dentro. O sapo batendo papo. E o papo soltando vento&#8221;.<\/em><\/p>\n<p><em>&#8220;Tr\u00eas drag\u00f5es graduados e trinta brincos trincados&#8221;.<\/em><\/p>\n<p><em>&#8220;Porco crespo e toco preto. Toco preto e porco crespo&#8221;.<\/em><\/p>\n<p><em>&#8220;O princ\u00edpio principal do pr\u00edncipe principiava principalmente no princ\u00edpio principesco da princesa&#8221;.<\/em><\/p>\n<p><em>&#8220;Tr\u00eas pratos de trigo para tr\u00eas tigres tristes&#8221;.<\/em><\/p>\n<p><em>&#8220;Luzia lustrava o lustre listrado, o lustre listrado luzia&#8221;.<\/em><\/p>\n<p><em>&#8220;Sabendo o que sei e sabendo o que sabes e o que n\u00e3o sabes e o que n\u00e3o sabemos, ambos saberemos se somos s\u00e1bios, sabidos ou simplesmente saberemos se somos sabedores&#8221;.<\/em><\/p>\n<p><em>&#8220;A vida \u00e9 uma sucessiva sucess\u00e3o de sucess\u00f5es que se sucedem sucessivamente, sem suceder o sucesso&#8230;&#8221;<\/em><\/p>\n<p><em>&#8220;O tempo perguntou ao tempo, quando tempo o tempo tem, o tempo respondeu ao tempo, que n\u00e3o tinha tempo, de ver quanto tempo, o tempo tem.&#8221;<\/em><\/p>\n<h4>Algumas curiosidades<\/h4>\n<ul>\n<li>O trava-l\u00ednguas, n\u00e3o necessariamente, precisa ter nexo ou fazer sentido, uma vez que tem uma de suas utiliza\u00e7\u00f5es como literatura infantil e principalmente para brincadeiras;<\/li>\n<li>Em Portugal, a <em>Parlenda<\/em> \u00e9 chamada tamb\u00e9m de \u201ccantilena\u201d ou \u201clenga-lenga\u201d, que s\u00e3o entendidas como sendo uma narra\u00e7\u00e3o mon\u00f3tona.<\/li>\n<li><strong>Dizem que o maior trava-l\u00ednguas existente possui mais de 400 palavras<\/strong>, mas ningu\u00e9m sabe dizer ao certo se \u00e9 o maior mesmo. Conseguem imaginar?<\/li>\n<\/ul>\n<p>Gostaram? N\u00e3o sei voc\u00eas, mas eu dei bastante risada e me peguei tentando repetir as frases, enquanto escrevia este artigo&#8230; rs. Espero que voc\u00eas tenham se divertido! At\u00e9 a pr\u00f3xima!<\/p>\n<p><b>_________________________________________________<\/b><\/p>\n<p><i><b>Se voc\u00ea gostou deste artigo, n\u00e3o deixe de participar atrav\u00e9s de sugest\u00f5es, cr\u00edticas e\/ou d\u00favidas. <\/b><\/i><i><b>Aproveitem para assinar o Blog, curtir a <\/b><\/i><i><b><a href=\"http:\/\/facebook.com\/universonerd.net\" target=\"_blank\" rel=\"noopener noreferrer\">P\u00e1gina no Facebook<\/a><\/b><\/i><i><b>, interagir no <\/b><\/i><i><b><a href=\"https:\/\/www.facebook.com\/groups\/1285723958213451\/\" target=\"_blank\" rel=\"noopener noreferrer\">Grupo do Facebook<\/a><\/b><\/i><i><b>, al\u00e9m de acompanhar publica\u00e7\u00f5es e ficar por dentro do Projeto Universo NERD, de sorteios, concursos e demais promo\u00e7\u00f5es.<\/b><\/i><\/p>\n<p><span style=\"color: #ffffff;\">&lt; x &gt;<\/span><\/p>\n","protected":false},"excerpt":{"rendered":"<p>Ol\u00e1, queridos leitores.. O assunto que trago hoje \u00e9 muito interessante. E querem saber de onde surgiu a ideia desse tema? De uma conversa com meus filhos, em um almo\u00e7o de final de semana&#8230; rs. Hoje falarei sobre o trava-l\u00ednguas, sua origem, seu uso na escola e qual sua liga\u00e7\u00e3o com as Parlendas. Vamos l\u00e1? [&hellip;]<\/p>\n","protected":false},"author":5,"featured_media":14887,"comment_status":"open","ping_status":"open","sticky":false,"template":"","format":"standard","meta":{"_monsterinsights_skip_tracking":false,"_monsterinsights_sitenote_active":false,"_monsterinsights_sitenote_note":"","_monsterinsights_sitenote_category":0,"footnotes":""},"categories":[130,26,1],"tags":[1497,93,1496,1493,1002,1491,1494,1495,1492,1490],"class_list":["post-14877","post","type-post","status-publish","format-standard","has-post-thumbnail","hentry","category-educacao","category-paisnerds","category-todascategorias","tag-aprendizado","tag-cultura","tag-folclore","tag-infantis","tag-ludico","tag-parlenda","tag-pedagogico","tag-popular","tag-pronuncia","tag-trava-linguas"],"_links":{"self":[{"href":"https:\/\/universonerd.net\/portalantigo\/wp-json\/wp\/v2\/posts\/14877","targetHints":{"allow":["GET"]}}],"collection":[{"href":"https:\/\/universonerd.net\/portalantigo\/wp-json\/wp\/v2\/posts"}],"about":[{"href":"https:\/\/universonerd.net\/portalantigo\/wp-json\/wp\/v2\/types\/post"}],"author":[{"embeddable":true,"href":"https:\/\/universonerd.net\/portalantigo\/wp-json\/wp\/v2\/users\/5"}],"replies":[{"embeddable":true,"href":"https:\/\/universonerd.net\/portalantigo\/wp-json\/wp\/v2\/comments?post=14877"}],"version-history":[{"count":0,"href":"https:\/\/universonerd.net\/portalantigo\/wp-json\/wp\/v2\/posts\/14877\/revisions"}],"wp:featuredmedia":[{"embeddable":true,"href":"https:\/\/universonerd.net\/portalantigo\/wp-json\/wp\/v2\/media\/14887"}],"wp:attachment":[{"href":"https:\/\/universonerd.net\/portalantigo\/wp-json\/wp\/v2\/media?parent=14877"}],"wp:term":[{"taxonomy":"category","embeddable":true,"href":"https:\/\/universonerd.net\/portalantigo\/wp-json\/wp\/v2\/categories?post=14877"},{"taxonomy":"post_tag","embeddable":true,"href":"https:\/\/universonerd.net\/portalantigo\/wp-json\/wp\/v2\/tags?post=14877"}],"curies":[{"name":"wp","href":"https:\/\/api.w.org\/{rel}","templated":true}]}}