{"id":5968,"date":"2017-05-31T09:30:02","date_gmt":"2017-05-31T12:30:02","guid":{"rendered":"http:\/\/universonerd.net\/portal\/?p=5968"},"modified":"2017-05-31T08:58:36","modified_gmt":"2017-05-31T11:58:36","slug":"recordacao-colecao-vaga-lume","status":"publish","type":"post","link":"https:\/\/universonerd.net\/portal\/recordacao-colecao-vaga-lume\/","title":{"rendered":"Uma Recorda\u00e7\u00e3o Da Cole\u00e7\u00e3o Vaga-Lume"},"content":{"rendered":"<p>Ol\u00e1, queridos leitores.<\/p>\n<p>H\u00e1 uma semana atr\u00e1s, estava no col\u00e9gio onde trabalho e resolvi visitar a biblioteca, muito pequena, por sinal&#8230; Tive uma recorda\u00e7\u00e3o! Quando comecei a olhar os livros dispon\u00edveis, me deparei com uma s\u00e9rie a qual tenho certeza que todos voc\u00eas, ou algum irm\u00e3o mais velho, primo, at\u00e9 mesmo os pais, j\u00e1 leram pelo menos um volume:&nbsp;<strong>A Cole\u00e7\u00e3o Vaga-Lume<\/strong>. E voc\u00eas? Lembraram da s\u00e9rie ou de um de seus volumes?<\/p>\n<blockquote><p><strong><em>Se n\u00e3o lembraram, tenho certeza que durante este post voc\u00eas v\u00e3o lembrar!<\/em><\/strong><\/p><\/blockquote>\n<h4>Vamos l\u00e1?<\/h4>\n<p>A s\u00e9rie Vaga-Lume \u00e9 uma cole\u00e7\u00e3o de livros lan\u00e7ada pela editora \u00c1tica, a partir de janeiro de 1973 e seu p\u00fablico alvo \u00e9 o infantojuvenil. Lembro bem, quando abria o livro e aparecia o vaga-lume &#8220;Luminoso&#8221; para dar a sinopse do livro, sempre com exclama\u00e7\u00f5es e express\u00f5es como &#8220;tudo joinha?&#8221; e &#8220;supimpa&#8221; que incentivavam os leitores a viajarem para dentro das hist\u00f3rias. Al\u00e9m disso, a leitura f\u00e1cil e r\u00e1pida ajudava aquele leitor que estava come\u00e7ando a se familiarizar com letras e com livros. Nada daquelas leituras chatas e extensas, sem figuras, sem atrativos. N\u00e3o! Todas as leituras eram cheias de romances, suspenses e mist\u00e9rio!<\/p>\n<p><figure id=\"attachment_6021\" aria-describedby=\"caption-attachment-6021\" style=\"width: 1059px\" class=\"wp-caption alignnone\"><a href=\"https:\/\/universonerd.net\/portal\/wp-content\/uploads\/2017\/05\/vaga_lume_001.jpg\"><img fetchpriority=\"high\" decoding=\"async\" class=\"wp-image-6021 size-full\" src=\"https:\/\/universonerd.net\/portal\/wp-content\/uploads\/2017\/05\/vaga_lume_001.jpg\" alt=\"\" width=\"1059\" height=\"1200\" srcset=\"https:\/\/universonerd.net\/portal\/wp-content\/uploads\/2017\/05\/vaga_lume_001.jpg 1059w, https:\/\/universonerd.net\/portal\/wp-content\/uploads\/2017\/05\/vaga_lume_001-265x300.jpg 265w, https:\/\/universonerd.net\/portal\/wp-content\/uploads\/2017\/05\/vaga_lume_001-768x870.jpg 768w, https:\/\/universonerd.net\/portal\/wp-content\/uploads\/2017\/05\/vaga_lume_001-904x1024.jpg 904w\" sizes=\"(max-width: 1059px) 100vw, 1059px\" \/><\/a><figcaption id=\"caption-attachment-6021\" class=\"wp-caption-text\"><span style=\"color: #333333; font-size: 10pt;\">E agora queridos leitores&#8230; Ap\u00f3s meu coment\u00e1rio inicial e a imagem acima, voc\u00eas se lembram desta s\u00e9rie fant\u00e1stica?<\/figcaption><\/figure><\/span><\/p>\n<p>A cole\u00e7\u00e3o, durante o passar do tempo, sofreu algumas altera\u00e7\u00f5es nas caracter\u00edstica, mas suas capas s\u00e3o inconfund\u00edveis, com os personagens ou objetos saindo para fora do quadro. A s\u00e9rie \u00e9 t\u00e3o bem feita que \u00e9 escolhida pela maioria das escolas como leitura complementar e cont\u00e9m um suplemento de atividades de interpreta\u00e7\u00e3o, usado tamb\u00e9m em muitas escolas como atividade avaliativa. A s\u00e9rie possui, ainda, algumas obras espec\u00edficas para o p\u00fablico infantil, com textos menores, letras maiores e um numero maior de ilustra\u00e7\u00f5es. Outras, para o p\u00fablico adolescente, com textos maiores e hist\u00f3rias mais atrativas.<\/p>\n<p>A s\u00e9rie nasceu entre 1972 e 1973, com o intuito de promover o gosto por leitura e literatura entre crian\u00e7as e adolescentes, principalmente aqueles que gostam de se aventurar no mundo da literatura. Quando o projeto surgiu, v\u00e1rios autores foram convidados, inclusive autores conhecidos de outros g\u00eaneros liter\u00e1rios.<\/p>\n<p>At\u00e9 hoje, todos os originais passam por avalia\u00e7\u00e3o de qualidade, antes de ser escolhido por alguma escola, pois \u00e9 necess\u00e1rio que esteja adequado \u00e0 proposta da s\u00e9rie onde ser\u00e1 utilizado. E, mesmo que j\u00e1 tenham se passado quatro d\u00e9cadas, muito pouco foi mudado. J\u00e1 foram feitas quatro reformula\u00e7\u00f5es, mas as caracter\u00edsticas originais ainda prevalecem, principalmente na capa, desde a primeira edi\u00e7\u00e3o.<\/p>\n<p>A s\u00e9rie, at\u00e9 2013, foi composta por 127 t\u00edtulos, sendo 102 da cole\u00e7\u00e3o Vaga-Lume e 25 da cole\u00e7\u00e3o Vaga-Lume Jr. (ver tabela abaixo). A data de lan\u00e7amento, refere-se \u00e0 primeira edi\u00e7\u00e3o do livro e, em alguns casos, pela s\u00e9rie Vaga-Lume. Isso porque, alguns t\u00edtulos, foram lan\u00e7ados antes por outras editoras e somente depois de um tempo, a Editora \u00c1tica lan\u00e7ou pela s\u00e9rie Vaga-Lume.<\/p>\n<p><a href=\"https:\/\/universonerd.net\/portal\/wp-content\/uploads\/2017\/05\/colecao-vagalume-completa.jpg\"><img decoding=\"async\" class=\"size-full wp-image-6047 aligncenter\" src=\"https:\/\/universonerd.net\/portal\/wp-content\/uploads\/2017\/05\/colecao-vagalume-completa.jpg\" alt=\"\" width=\"629\" height=\"3100\" srcset=\"https:\/\/universonerd.net\/portal\/wp-content\/uploads\/2017\/05\/colecao-vagalume-completa.jpg 629w, https:\/\/universonerd.net\/portal\/wp-content\/uploads\/2017\/05\/colecao-vagalume-completa-61x300.jpg 61w, https:\/\/universonerd.net\/portal\/wp-content\/uploads\/2017\/05\/colecao-vagalume-completa-208x1024.jpg 208w\" sizes=\"(max-width: 629px) 100vw, 629px\" \/><\/a><\/p>\n<p>Dentre as obras que fizeram sucesso est\u00e3o: A Ilha Perdida,&nbsp;O Escaravelho do Diabo,&nbsp;A\u00e7\u00facar Amargo,&nbsp;Deu a Louca no Tempo&nbsp;e&nbsp;A Turma da Rua Quinze. Eu, particularmente, gosto de outros t\u00edtulo como: Cem Noites Tapuias, Sozinha no Mundo, O Desafio do Pantanal, Um Cad\u00e1ver Ouve R\u00e1dio, entre outros.<\/p>\n<h4>Algumas curiosidades:<\/h4>\n<ul>\n<li>Na \u201cfase her\u00f3ica\u201d da Vaga-Lume, um dos \u00eaxitos da s\u00e9rie foi \u201cO Escaravelho do Diabo\u201d, de L\u00facia Machado de Almeida (1910-2005). Por\u00e9m, ele havia sido lan\u00e7ado em 1956 como um folhetim da revista \u201cO Cruzeiro\u201d.<\/li>\n<li>Um dos autores \u201ciniciantes\u201d foi o hoje consagrado Mar\u00e7al Aquino. Quando foi convidado pelo editor da s\u00e9rie na \u00e9poca, Fernando Paix\u00e3o, Aquino era rep\u00f3rter do \u201cJornal da Tarde\u201d e n\u00e3o tinha a menor ideia do que era literatura infantojuvenil. Estreou com \u201cA Turma da Rua Quinze\u201d (1989), que fez um sucesso enorme e, depois disso, escreveu mais tr\u00eas volumes e pendurou a chuteira juvenil para se dedicar aos adultos.<\/li>\n<li>Milton Rodrigues Alves, um dos ilustradores da s\u00e9rie, conta que para ilustrar \u201cO Caso da Borboleta At\u00edria\u201d passou um tempo internado no Museu de Zoologia, pois na \u00e9poca n\u00e3o havia <em>internet<\/em> para pesquisar e, o melhor m\u00e9todo, era ver as esp\u00e9cies ao vivo e \u00e0 cores.<\/li>\n<li>A editora n\u00e3o divulga n\u00fameros, mas acredita-se que somente a obra &#8220;A Ilha Perdida&#8221;, de Maria Jos\u00e9 Dupr\u00e9, j\u00e1 ultrapassou a marca de 2,2 milh\u00f5es de exemplares vendidos.<\/li>\n<li>A s\u00e9rie ajudou a fortalecer a Editora \u00c1tica e a mesma informou em 2014 que tem planos de lan\u00e7ar a cole\u00e7\u00e3o em formato digital. Vamos aguardar, n\u00e9?<\/li>\n<\/ul>\n<p>Bem, vou ficando por aqui.<\/p>\n<blockquote><p><strong><em>E voc\u00ea, leitor, tem algum livro dessa cole\u00e7\u00e3o que gostava? Conte para n\u00f3s!<\/em><\/strong><\/p><\/blockquote>\n<p>At\u00e9 a pr\u00f3xima!<\/p>\n<p style=\"text-align: justify;\"><strong><i><b>Se voc\u00ea gostou deste&nbsp;post, n\u00e3o deixe de participar atrav\u00e9s de sugest\u00f5es, cr\u00edticas e\/ou d\u00favidas. <\/b><\/i><i><b>Aproveitem para assinar o Blog,&nbsp;curtir&nbsp;a <a href=\"http:\/\/facebook.com\/universonerd.net\" target=\"_blank\" rel=\"noopener noreferrer\">P\u00e1gina no Facebook<\/a>, interagir no <a href=\"https:\/\/www.facebook.com\/groups\/1285723958213451\/\" target=\"_blank\" rel=\"noopener noreferrer\">Grupo do Facebook<\/a>, al\u00e9m de acompanhar publica\u00e7\u00f5es e ficar por dentro do Projeto Universo NERD, de sorteios, concursos e promo\u00e7\u00f5es!<\/b><\/i><\/strong><\/p>\n","protected":false},"excerpt":{"rendered":"<p>Ol\u00e1, queridos leitores. H\u00e1 uma semana atr\u00e1s, estava no col\u00e9gio onde trabalho e resolvi visitar a biblioteca, muito pequena, por sinal&#8230; Tive uma recorda\u00e7\u00e3o! Quando comecei a olhar os livros dispon\u00edveis, me deparei com uma s\u00e9rie a qual tenho certeza que todos voc\u00eas, ou algum irm\u00e3o mais velho, primo, at\u00e9 mesmo os pais, j\u00e1 leram pelo menos um volume:&nbsp;A Cole\u00e7\u00e3o Vaga-Lume. E voc\u00eas? Lembraram da s\u00e9rie ou de um de seus volumes? Se n\u00e3o lembraram, tenho certeza que durante este post voc\u00eas v\u00e3o lembrar! Vamos l\u00e1? A s\u00e9rie Vaga-Lume \u00e9 uma cole\u00e7\u00e3o de livros lan\u00e7ada pela editora \u00c1tica, a partir de janeiro de 1973 e seu p\u00fablico alvo \u00e9 o infantojuvenil. Lembro bem, quando abria o livro e aparecia o vaga-lume &#8220;Luminoso&#8221; para dar a sinopse do livro, sempre com exclama\u00e7\u00f5es e express\u00f5es como &#8220;tudo joinha?&#8221; e &#8220;supimpa&#8221; que incentivavam os leitores a viajarem para dentro das hist\u00f3rias. Al\u00e9m disso, a leitura f\u00e1cil e r\u00e1pida ajudava aquele leitor que estava come\u00e7ando a se familiarizar com letras e com livros. Nada daquelas leituras chatas e extensas, sem figuras, sem atrativos. N\u00e3o! Todas as leituras eram cheias de romances, suspenses e mist\u00e9rio! A cole\u00e7\u00e3o, durante o passar do tempo, sofreu algumas altera\u00e7\u00f5es nas caracter\u00edstica, mas suas capas s\u00e3o inconfund\u00edveis, com os personagens ou objetos saindo para fora do quadro. A s\u00e9rie \u00e9 t\u00e3o bem feita que \u00e9 escolhida pela maioria das escolas como leitura complementar e cont\u00e9m um suplemento de atividades de interpreta\u00e7\u00e3o, usado tamb\u00e9m em muitas escolas como atividade avaliativa. A s\u00e9rie possui, ainda, algumas obras espec\u00edficas para o p\u00fablico infantil, com textos menores, letras maiores e um numero maior de ilustra\u00e7\u00f5es. Outras, para o p\u00fablico adolescente, com textos maiores e hist\u00f3rias mais atrativas. A s\u00e9rie nasceu entre 1972 e 1973, com o intuito de promover o gosto por leitura e literatura entre crian\u00e7as e adolescentes, principalmente aqueles que gostam de se aventurar no mundo da literatura. Quando o projeto surgiu, v\u00e1rios autores foram convidados, inclusive autores conhecidos de outros g\u00eaneros liter\u00e1rios. At\u00e9 hoje, todos os originais passam por avalia\u00e7\u00e3o de qualidade, antes de ser escolhido por alguma escola, pois \u00e9 necess\u00e1rio que esteja adequado \u00e0 proposta da s\u00e9rie onde ser\u00e1 utilizado. E, mesmo que j\u00e1 tenham se passado quatro d\u00e9cadas, muito pouco foi mudado. J\u00e1 foram feitas quatro reformula\u00e7\u00f5es, mas as caracter\u00edsticas originais ainda prevalecem, principalmente na capa, desde a primeira edi\u00e7\u00e3o. A s\u00e9rie, at\u00e9 2013, foi composta por 127 t\u00edtulos, sendo 102 da cole\u00e7\u00e3o Vaga-Lume e 25 da cole\u00e7\u00e3o Vaga-Lume Jr. (ver tabela abaixo). A data de lan\u00e7amento, refere-se \u00e0 primeira edi\u00e7\u00e3o do livro e, em alguns casos, pela s\u00e9rie Vaga-Lume. Isso porque, alguns t\u00edtulos, foram lan\u00e7ados antes por outras editoras e somente depois de um tempo, a Editora \u00c1tica lan\u00e7ou pela s\u00e9rie Vaga-Lume. Dentre as obras que fizeram sucesso est\u00e3o: A Ilha Perdida,&nbsp;O Escaravelho do Diabo,&nbsp;A\u00e7\u00facar Amargo,&nbsp;Deu a Louca no Tempo&nbsp;e&nbsp;A Turma da Rua Quinze. Eu, particularmente, gosto de outros t\u00edtulo como: Cem Noites Tapuias, Sozinha no Mundo, O Desafio do Pantanal, Um Cad\u00e1ver Ouve R\u00e1dio, entre outros. Algumas curiosidades: Na \u201cfase her\u00f3ica\u201d da Vaga-Lume, um dos \u00eaxitos da s\u00e9rie foi \u201cO Escaravelho do Diabo\u201d, de L\u00facia Machado de Almeida (1910-2005). Por\u00e9m, ele havia sido lan\u00e7ado em 1956 como um folhetim da revista \u201cO Cruzeiro\u201d. Um dos autores \u201ciniciantes\u201d foi o hoje consagrado Mar\u00e7al Aquino. Quando foi convidado pelo editor da s\u00e9rie na \u00e9poca, Fernando Paix\u00e3o, Aquino era rep\u00f3rter do \u201cJornal da Tarde\u201d e n\u00e3o tinha a menor ideia do que era literatura infantojuvenil. Estreou com \u201cA Turma da Rua Quinze\u201d (1989), que fez um sucesso enorme e, depois disso, escreveu mais tr\u00eas volumes e pendurou a chuteira juvenil para se dedicar aos adultos. Milton Rodrigues Alves, um dos ilustradores da s\u00e9rie, conta que para ilustrar \u201cO Caso da Borboleta At\u00edria\u201d passou um tempo internado no Museu de Zoologia, pois na \u00e9poca n\u00e3o havia internet para pesquisar e, o melhor m\u00e9todo, era ver as esp\u00e9cies ao vivo e \u00e0 cores. A editora n\u00e3o divulga n\u00fameros, mas acredita-se que somente a obra &#8220;A Ilha Perdida&#8221;, de Maria Jos\u00e9 Dupr\u00e9, j\u00e1 ultrapassou a marca de 2,2 milh\u00f5es de exemplares vendidos. A s\u00e9rie ajudou a fortalecer a Editora \u00c1tica e a mesma informou em 2014 que tem planos de lan\u00e7ar a cole\u00e7\u00e3o em formato digital. Vamos aguardar, n\u00e9? Bem, vou ficando por aqui. E voc\u00ea, leitor, tem algum livro dessa cole\u00e7\u00e3o que gostava? Conte para n\u00f3s! At\u00e9 a pr\u00f3xima! Se voc\u00ea gostou deste&nbsp;post, n\u00e3o deixe de participar atrav\u00e9s de sugest\u00f5es, cr\u00edticas e\/ou d\u00favidas. Aproveitem para assinar o Blog,&nbsp;curtir&nbsp;a P\u00e1gina no Facebook, interagir no Grupo do Facebook, al\u00e9m de acompanhar publica\u00e7\u00f5es e ficar por dentro do Projeto Universo NERD, de sorteios, concursos e promo\u00e7\u00f5es!<\/p>\n","protected":false},"author":5,"featured_media":5974,"comment_status":"open","ping_status":"open","sticky":false,"template":"","format":"standard","meta":{"_monsterinsights_skip_tracking":false,"_monsterinsights_sitenote_active":false,"_monsterinsights_sitenote_note":"","_monsterinsights_sitenote_category":0,"footnotes":""},"categories":[59,46,1],"tags":[560,556,558,557,559,554,91,555],"class_list":["post-5968","post","type-post","status-publish","format-standard","has-post-thumbnail","hentry","category-literatura","category-livro-hq","category-todascategorias","tag-adolescente","tag-colecao","tag-editora-atica","tag-escola","tag-infantil","tag-infanto-juvenil","tag-livros","tag-vaga-lume"],"_links":{"self":[{"href":"https:\/\/universonerd.net\/portal\/wp-json\/wp\/v2\/posts\/5968","targetHints":{"allow":["GET"]}}],"collection":[{"href":"https:\/\/universonerd.net\/portal\/wp-json\/wp\/v2\/posts"}],"about":[{"href":"https:\/\/universonerd.net\/portal\/wp-json\/wp\/v2\/types\/post"}],"author":[{"embeddable":true,"href":"https:\/\/universonerd.net\/portal\/wp-json\/wp\/v2\/users\/5"}],"replies":[{"embeddable":true,"href":"https:\/\/universonerd.net\/portal\/wp-json\/wp\/v2\/comments?post=5968"}],"version-history":[{"count":0,"href":"https:\/\/universonerd.net\/portal\/wp-json\/wp\/v2\/posts\/5968\/revisions"}],"wp:featuredmedia":[{"embeddable":true,"href":"https:\/\/universonerd.net\/portal\/wp-json\/wp\/v2\/media\/5974"}],"wp:attachment":[{"href":"https:\/\/universonerd.net\/portal\/wp-json\/wp\/v2\/media?parent=5968"}],"wp:term":[{"taxonomy":"category","embeddable":true,"href":"https:\/\/universonerd.net\/portal\/wp-json\/wp\/v2\/categories?post=5968"},{"taxonomy":"post_tag","embeddable":true,"href":"https:\/\/universonerd.net\/portal\/wp-json\/wp\/v2\/tags?post=5968"}],"curies":[{"name":"wp","href":"https:\/\/api.w.org\/{rel}","templated":true}]}}