{"id":28222,"date":"2021-12-15T11:17:25","date_gmt":"2021-12-15T14:17:25","guid":{"rendered":"https:\/\/universonerd.net\/portal\/?p=28222"},"modified":"2021-12-15T11:17:27","modified_gmt":"2021-12-15T14:17:27","slug":"the-witcher-a-curta-segunda-temporada-amadurece-e-conquista-seu-espaco-na-netflix","status":"publish","type":"post","link":"https:\/\/universonerd.net\/portal\/the-witcher-a-curta-segunda-temporada-amadurece-e-conquista-seu-espaco-na-netflix\/","title":{"rendered":"The Witcher: A Curta Segunda Temporada Amadurece E Conquista Seu Espa\u00e7o Na Netflix?"},"content":{"rendered":"<p><span class=\"VIiyi\" lang=\"pt\" style=\"color: #000000;\"><span class=\"JLqJ4b\" data-language-for-alternatives=\"pt\" data-language-to-translate-into=\"en\" data-phrase-index=\"0\" data-number-of-phrases=\"1\">A primeira temporada de <strong>The Witcher<\/strong> trouxe o personagem de fantasia polon\u00eas <strong>Geralt de Rivia<\/strong> \u00e0 vida com um primeiro cap\u00edtulo satisfat\u00f3rio, embora \u00e0s vezes confuso. Colocou<strong> Henry Cavill<\/strong> no centro como o ca\u00e7ador de monstros titular e nos permitiu ver o mundo atrav\u00e9s de seus olhos.<strong> \u00c0 medida que The Witcher mergulha em sua segunda temporada, a s\u00e9rie expande seu foco para abra\u00e7ar os outros personagens ao redor de Geralt mais profundamente, trocando sua estrutura epis\u00f3dica por algo mais linear<\/strong>. <\/span><\/span><\/p>\n<p><span class=\"VIiyi\" lang=\"pt\" style=\"color: #000000;\"><span class=\"JLqJ4b\" data-language-for-alternatives=\"pt\" data-language-to-translate-into=\"en\" data-phrase-index=\"0\" data-number-of-phrases=\"1\">A estrutura da primeira temporada foi um de seus elementos mais divisores. A s\u00e9rie lentamente revelou que estava nos dando tr\u00eas cronogramas separados seguindo Yennefer de Vengerberg, Geralt de Rivia e a Princesa Cirilla de Cintra. Como resultado de suas idades variadas e hist\u00f3rias de origem distintas, essa estrutura fez uma esp\u00e9cie de sentido do ponto de vista narrativo, mas alguns espectadores lutaram para entend\u00ea-la. A estrutura criou uma temporada epis\u00f3dica que remixou elementos das diferentes aventuras de Geralt. <\/span><\/span><\/p>\n<blockquote>\n<p><span style=\"font-size: 14pt; color: #000000;\"><em><strong><span class=\"VIiyi\" lang=\"pt\"><span class=\"JLqJ4b\" data-language-for-alternatives=\"pt\" data-language-to-translate-into=\"en\" data-phrase-index=\"0\" data-number-of-phrases=\"1\">O que temos na 2\u00aa temporada de The Witcher, baseado nos primeiros seis epis\u00f3dios fornecidos pela Netflix, \u00e9 uma narrativa mais direta que sacrifica a variedade.<\/span> <\/span><\/strong><\/em><\/span><\/p>\n<\/blockquote>\n\n\n<div class=\"wp-block-image\"><figure class=\"aligncenter size-large\"><a href=\"https:\/\/universonerd.net\/portal\/wp-content\/uploads\/2021\/12\/The-Witcher-Imagem-2.jpg\"><img fetchpriority=\"high\" decoding=\"async\" width=\"1024\" height=\"576\" src=\"https:\/\/universonerd.net\/portal\/wp-content\/uploads\/2021\/12\/The-Witcher-Imagem-2-1024x576.jpg\" alt=\"\" class=\"wp-image-28230\" srcset=\"https:\/\/universonerd.net\/portal\/wp-content\/uploads\/2021\/12\/The-Witcher-Imagem-2-1024x576.jpg 1024w, https:\/\/universonerd.net\/portal\/wp-content\/uploads\/2021\/12\/The-Witcher-Imagem-2-300x169.jpg 300w, https:\/\/universonerd.net\/portal\/wp-content\/uploads\/2021\/12\/The-Witcher-Imagem-2-768x432.jpg 768w, https:\/\/universonerd.net\/portal\/wp-content\/uploads\/2021\/12\/The-Witcher-Imagem-2.jpg 1280w\" sizes=\"(max-width: 1024px) 100vw, 1024px\" \/><\/a><\/figure><\/div>\n\n\n<p><span class=\"VIiyi\" lang=\"pt\" style=\"color: #000000;\"><span class=\"JLqJ4b ChMk0b\" data-language-for-alternatives=\"pt\" data-language-to-translate-into=\"en\" data-phrase-index=\"0\" data-number-of-phrases=\"4\">De fato, at\u00e9 certo ponto, isso corresponde \u00e0 cad\u00eancia das hist\u00f3rias do Witcher.<\/span> <span class=\"JLqJ4b ChMk0b\" data-language-for-alternatives=\"pt\" data-language-to-translate-into=\"en\" data-phrase-index=\"1\" data-number-of-phrases=\"4\">Antes de o autor <strong>Andrzej Sapkowski<\/strong> escrever os cinco romances Witcher Saga sobre Geralt, Ciri e a profecia do Sangue Anci\u00e3o, ele encheu dois livros com contos.<\/span> <span class=\"JLqJ4b ChMk0b\" data-language-for-alternatives=\"pt\" data-language-to-translate-into=\"en\" data-phrase-index=\"2\" data-number-of-phrases=\"4\">Ele ent\u00e3o mergulhou no crescimento de Ciri, nas profecias em torno dela e na pol\u00edtica do continente e seus reinos.<\/span> <span class=\"JLqJ4b ChMk0b\" data-language-for-alternatives=\"pt\" data-language-to-translate-into=\"en\" data-phrase-index=\"3\" data-number-of-phrases=\"4\">A s\u00e9rie n\u00e3o segue exatamente isso, mas enfoca o mundo ao redor de Geralt, ainda atrav\u00e9s de seus olhos, mas mais ciente da maneira como as diferentes partes interagem.<\/span> <\/span><\/p>\n<p><span style=\"color: #000000;\">Assim como nos romances, Ciri se torna t\u00e3o protagonista quanto Geralt e Yennefer. Podemos v\u00ea-la como uma personagem mais ativa e onde a primeira temporada a relegou em grande parte ao papel de uma donzela em perigo, Ciri se sente como uma personagem totalmente formada. Ela chega com Geralt em Kaer Morhen, a base dos Witchers, logo no in\u00edcio. Agora a salvo, longe da necessidade constante de sobreviver, ela come\u00e7a a ferver de raiva e necessidade de vingan\u00e7a. Ciri cresce rapidamente, e Geralt tamb\u00e9m. Ele \u00e9 uma figura paterna para a princesa \u00f3rf\u00e3, e rapidamente vemos como eles afetam um ao outro. Com tuto isso, Freya Allan e Henry Cavill fazem um \u00f3timo trabalho em dar vida a esses personagens de maneiras que refletem tanto os romances quanto as pe\u00e7as dos jogos. Ciri luta para processar sua m\u00e1goa, em vez de us\u00e1-la como combust\u00edvel para sua raiva. Geralt, por sua vez, come\u00e7a a encarar a no\u00e7\u00e3o de que talvez os bruxos n\u00e3o sejam t\u00e3o destitu\u00eddos de emo\u00e7\u00f5es quanto gostam de dizer a si mesmos. Al\u00e9m do fato de que Geralt n\u00e3o consegue evitar se envolver com todos os problemas com monstros que encontra, quer haja um pagamento ou n\u00e3o, pois ele tamb\u00e9m se v\u00ea cada vez mais e relutantemente envolvido com Ciri.<\/span><\/p>\n<p><span style=\"color: #000000;\">Cavill tem mais a fazer nesta temporada, pois Geralt fala muito mais. Ele \u00e9 um cara bonito com um queixo e m\u00fasculos \u00e9picos por dias, mas isso s\u00f3 vai at\u00e9 certo ponto. Geralt tem que fazer e dizer coisas. Cavill parece um bom ajuste para esse personagem. Seu alcance n\u00e3o \u00e9 infinito, mas \u00e9 f\u00e1cil ver o quanto ele ama o personagem e como sua contribui\u00e7\u00e3o. onde o pr\u00f3prio Cavill insistiu em mais falas para Geralt, melhorando o papel. <span class=\"VIiyi\" lang=\"pt\"><span class=\"JLqJ4b\" data-language-for-alternatives=\"pt\" data-language-to-translate-into=\"en\" data-phrase-index=\"0\" data-number-of-phrases=\"1\">Outras performances tamb\u00e9m s\u00e3o pegajosas. Kim Bodnia traz a quantidade certa de sabedoria e tristeza para Vesemir, o mentor de Geralt. A vis\u00e3o de Anna Shaffer sobre Triss na primeira temporada foi boa, na melhor das hip\u00f3teses, mas ela parece mais real desta vez. Ela tem sentimentos por Geralt, mas tamb\u00e9m v\u00ea o mundo com mais clareza do que muitos ao seu redor, vendo o perigo para Geralt, Yennefer e Ciri.<\/span><\/span>&nbsp;<\/span><\/p>\n<blockquote>\n<p><span style=\"font-size: 14pt; color: #000000;\"><em><strong>Os dois possuem uma qu\u00edmica muito boa como time de pai e filha. Enquanto Ciri se debate em busca de poder e seguran\u00e7a para si mesma, tamb\u00e9m olha para Geralt.<\/strong><\/em><\/span><\/p>\n<\/blockquote>\n\n\n<div class=\"wp-block-image\"><figure class=\"aligncenter size-large\"><a href=\"https:\/\/universonerd.net\/portal\/wp-content\/uploads\/2021\/12\/The-Witcher-Imagem-3.jpg\"><img decoding=\"async\" width=\"1024\" height=\"576\" src=\"https:\/\/universonerd.net\/portal\/wp-content\/uploads\/2021\/12\/The-Witcher-Imagem-3-1024x576.jpg\" alt=\"\" class=\"wp-image-28231\" srcset=\"https:\/\/universonerd.net\/portal\/wp-content\/uploads\/2021\/12\/The-Witcher-Imagem-3-1024x576.jpg 1024w, https:\/\/universonerd.net\/portal\/wp-content\/uploads\/2021\/12\/The-Witcher-Imagem-3-300x169.jpg 300w, https:\/\/universonerd.net\/portal\/wp-content\/uploads\/2021\/12\/The-Witcher-Imagem-3-768x432.jpg 768w, https:\/\/universonerd.net\/portal\/wp-content\/uploads\/2021\/12\/The-Witcher-Imagem-3.jpg 1280w\" sizes=\"(max-width: 1024px) 100vw, 1024px\" \/><\/a><\/figure><\/div>\n\n\n<p><span class=\"VIiyi\" lang=\"pt\" style=\"color: #000000;\"><span class=\"JLqJ4b ChMk0b\" data-language-for-alternatives=\"pt\" data-language-to-translate-into=\"en\" data-phrase-index=\"0\" data-number-of-phrases=\"6\">Esta temporada nivela as coisas de uma perspectiva visual e de produ\u00e7\u00e3o tamb\u00e9m.<\/span> <span class=\"JLqJ4b ChMk0b\" data-language-for-alternatives=\"pt\" data-language-to-translate-into=\"en\" data-phrase-index=\"1\" data-number-of-phrases=\"6\">O primeiro epis\u00f3dio \u00e9 centrado em um homem chamado Nivellen, de um dos primeiros contos da mitologia dos bruxos.<\/span> <span class=\"JLqJ4b ChMk0b\" data-language-for-alternatives=\"pt\" data-language-to-translate-into=\"en\" data-phrase-index=\"2\" data-number-of-phrases=\"6\">Kristofer Hivju ( o Tormund Giantsbane em Game of Thrones) \u00e9 vestido com pr\u00f3teses de rosto inteiro durante a maior parte do epis\u00f3dio.<\/span> <span class=\"JLqJ4b ChMk0b\" data-language-for-alternatives=\"pt\" data-language-to-translate-into=\"en\" data-phrase-index=\"3\" data-number-of-phrases=\"6\">Este personagem aparece em apenas um epis\u00f3dio do que foi fornecido pela Netflix, mas Hivju imbui o personagem com humor, calor e tristeza que me fez pensar nele cinco epis\u00f3dios depois.<\/span> <span class=\"JLqJ4b ChMk0b\" data-language-for-alternatives=\"pt\" data-language-to-translate-into=\"en\" data-phrase-index=\"4\" data-number-of-phrases=\"6\">Ele fala igualmente bem para os maquiadores que criaram seu visual de Javali e para o pr\u00f3prio Hivju por atuar atrav\u00e9s daquelas pr\u00f3teses.<\/span> <span class=\"JLqJ4b ChMk0b\" data-language-for-alternatives=\"pt\" data-language-to-translate-into=\"en\" data-phrase-index=\"5\" data-number-of-phrases=\"6\">Isso nem come\u00e7a em alguns dos monstros legais Geralt e sua coorte batalham, de um terr\u00edvel monstro parecido com uma \u00e1rvore a uma criatura gigante e amig\u00e1vel.<\/span> <\/span><\/p>\n<p><span class=\"VIiyi\" lang=\"pt\" style=\"color: #000000;\"><span class=\"JLqJ4b\" data-language-for-alternatives=\"pt\" data-language-to-translate-into=\"en\" data-phrase-index=\"0\" data-number-of-phrases=\"1\">Outro personagem que os f\u00e3s da franquia n\u00e3o tinham certeza, Cahir, ganha vida tamb\u00e9m. Muitos encontraram Eamon Farren pela primeira vez em Twin Peaks: The Return, onde seu personagem, Richard Horne, era igualmente malvado e ins\u00edpido, uma expectativa que os espectadores podem ter por ele aqui. Ele passa muito tempo com Yennefer, no entanto, e isso o ajuda a dar corpo a ele. Os dois est\u00e3o em lados opostos da tentativa de Nilfgaard pelo poder, e j\u00e1 podemos ver rachaduras se formando na imagem que Cahir tinha de sua terra natal. Uma coisa que ajuda a manter os monstros interessantes, seja em formato epis\u00f3dico ou n\u00e3o, \u00e9 que a s\u00e9rie n\u00e3o traz apenas criaturas para Geralt derrotar. As hist\u00f3rias do Bruxo sempre trataram o mundo m\u00e1gico em que Geralt vive como um ecossistema vivo.<\/span><\/span><\/p>\n<p><span style=\"color: #000000;\"><span class=\"VIiyi\" lang=\"pt\"><span class=\"JLqJ4b\" data-language-for-alternatives=\"pt\" data-language-to-translate-into=\"en\" data-phrase-index=\"0\" data-number-of-phrases=\"1\">Esse \u00e9 um tra\u00e7o comum nos romances, nos jogos e no show que ajuda a humanizar Geralt. Ele \u00e9 um ca\u00e7ador de monstros de aluguel, mas n\u00e3o se contenta em simplesmente decapitar uma fera e seguir seu caminho. Ele sempre faz isso da maneira mais dif\u00edcil.<\/span><\/span> <span class=\"VIiyi\" lang=\"pt\"><span class=\"JLqJ4b\" data-language-for-alternatives=\"pt\" data-language-to-translate-into=\"en\" data-phrase-index=\"0\" data-number-of-phrases=\"1\">Em outras partes do mundo, o show come\u00e7a a entrar na pol\u00edtica. H\u00e1 uma intera\u00e7\u00e3o delicada entre os reinos do Norte, Nilfgaard, a Loja dos Feiticeiros e os elfos. Os elfos n\u00e3o levaram muito em conta a primeira temporada, mas desempenham um papel importante nas hist\u00f3rias de Ciri e Yennefer, e um papel pol\u00edtico importante no mundo do Bruxo. <\/span><\/span><\/span><\/p>\n<blockquote>\n<p><span style=\"font-size: 14pt; color: #000000;\"><em><strong><span class=\"VIiyi\" lang=\"pt\"><span class=\"JLqJ4b\" data-language-for-alternatives=\"pt\" data-language-to-translate-into=\"en\" data-phrase-index=\"0\" data-number-of-phrases=\"1\">Embora o elenco em si seja mais diversificado do que os livros sugeridos, as ra\u00e7as n\u00e3o humanas, elfos principalmente, al\u00e9m de an\u00f5es, est\u00e3o sujeitas ao \u00f3dio e \u00e0 ignor\u00e2ncia violenta neste mundo, algo em que a s\u00e9rie come\u00e7a a explorar. <\/span><\/span><\/strong><\/em><\/span><\/p>\n<\/blockquote>\n\n\n<figure class=\"wp-block-embed is-type-video is-provider-youtube wp-block-embed-youtube wp-embed-aspect-16-9 wp-has-aspect-ratio\"><div class=\"wp-block-embed__wrapper\">\nhttps:\/\/www.youtube.com\/watch?v=OtLG_mWdZZg\n<\/div><\/figure>\n\n\n<p><span class=\"VIiyi\" lang=\"pt\" style=\"color: #000000;\"><span class=\"JLqJ4b\" data-language-for-alternatives=\"pt\" data-language-to-translate-into=\"en\" data-phrase-index=\"0\" data-number-of-phrases=\"1\">Embora a natureza epis\u00f3dica da hist\u00f3ria tenha diminu\u00eddo um pouco, parece um bom ajuste para esta parte da hist\u00f3ria. Com a anunciada <strong>Witcher Season 3<\/strong>, pudemos ver seu retorno. \u00c0 medida que Ciri cresce e passa mais tempo sozinha, Geralt pode ter mais tempo para ca\u00e7ar. Isso \u00e9 pura especula\u00e7\u00e3o, \u00e9 claro, mas o fato de que The Witcher pode mover-se com fluidez entre esses diferentes estilos de narrativa enquanto ainda se sente como uma coisa coesa mostra como o mundo e os personagens se tornaram mais carnais. <\/span><\/span><\/p>\n<blockquote>\n<p><span style=\"font-size: 14pt;\"><em><strong><span class=\"VIiyi\" lang=\"pt\" style=\"color: #000000;\"><span class=\"JLqJ4b\" data-language-for-alternatives=\"pt\" data-language-to-translate-into=\"en\" data-phrase-index=\"0\" data-number-of-phrases=\"1\">A linha do tempo da primeira temporada foi, sem d\u00favida, confusa, mas tamb\u00e9m ajudou a definir as pe\u00e7as para cada um desses personagens ganhar vida.<\/span><\/span><\/strong><\/em><\/span><\/p>\n<\/blockquote>\n<p><span class=\"VIiyi\" lang=\"pt\" style=\"color: #000000;\"><span class=\"JLqJ4b ChMk0b\" data-language-for-alternatives=\"pt\" data-language-to-translate-into=\"en\" data-phrase-index=\"0\" data-number-of-phrases=\"6\">Por fim, com seis epis\u00f3dios lan\u00e7ados e apenas dois restantes, a temporada parece muito curta, apesar do fato de que melhora na primeira temporada em quase todas as maneiras poss\u00edveis.<\/span> <span class=\"JLqJ4b ChMk0b\" data-language-for-alternatives=\"pt\" data-language-to-translate-into=\"en\" data-phrase-index=\"1\" data-number-of-phrases=\"6\">Seria mais f\u00e1cil saborear se fosse lan\u00e7ado semana a semana para que pud\u00e9ssemos assisti-lo por um longo per\u00edodo de tempo.<\/span> <span class=\"JLqJ4b ChMk0b\" data-language-for-alternatives=\"pt\" data-language-to-translate-into=\"en\" data-phrase-index=\"2\" data-number-of-phrases=\"6\">A Netflix claramente deseja que The Witcher seja seu Game of Thrones;<\/span> <span class=\"JLqJ4b ChMk0b\" data-language-for-alternatives=\"pt\" data-language-to-translate-into=\"en\" data-phrase-index=\"3\" data-number-of-phrases=\"6\">depois de duas temporadas, pois j\u00e1 h\u00e1 um filme de anima\u00e7\u00e3o e v\u00e1rias s\u00e9ries <em>spinoff<\/em> em andamento.<\/span> <span class=\"JLqJ4b ChMk0b\" data-language-for-alternatives=\"pt\" data-language-to-translate-into=\"en\" data-phrase-index=\"4\" data-number-of-phrases=\"6\">Com temporadas inteiras caindo de uma vez, no entanto, The Witcher n\u00e3o adere \u00e0 consci\u00eancia cultural da mesma forma que Game of Thrones fez.<\/span><\/span><\/p>\n\n\n<hr>\n\n\n\n<p> <em><strong>Se voc\u00ea gostou, n\u00e3o deixe de participar atrav\u00e9s de sugest\u00f5es, cr\u00edticas e\/ou d\u00favidas. Aproveitem para assinar o Blog, curtir a <\/strong><\/em><a href=\"https:\/\/facebook.com\/universonerd.net\" target=\"_blank\" rel=\"noreferrer noopener\"><strong>P\u00e1gina no Facebook<\/strong><\/a><em><strong>, interagir no <\/strong><\/em><a href=\"https:\/\/www.facebook.com\/groups\/1285723958213451\/\" target=\"_blank\" rel=\"noreferrer noopener\"><strong>Grupo do Facebook<\/strong><\/a><em><strong>, al\u00e9m de acompanhar publica\u00e7\u00f5es e ficar por dentro do Projeto Universo NERD, de sorteios, concursos e demais promo\u00e7\u00f5es.<\/strong><\/em>  <\/p>\n","protected":false},"excerpt":{"rendered":"<p>A primeira temporada de The Witcher trouxe o personagem de fantasia polon\u00eas Geralt de Rivia \u00e0 vida com um primeiro cap\u00edtulo satisfat\u00f3rio, embora \u00e0s vezes confuso. Colocou Henry Cavill no centro como o ca\u00e7ador de monstros titular e nos permitiu ver o mundo atrav\u00e9s de seus olhos. \u00c0 medida que The Witcher mergulha em sua segunda temporada, a s\u00e9rie expande seu foco para abra\u00e7ar os outros personagens ao redor de Geralt mais profundamente, trocando sua estrutura epis\u00f3dica por algo mais linear. A estrutura da primeira temporada foi um de seus elementos mais divisores. A s\u00e9rie lentamente revelou que estava nos dando tr\u00eas cronogramas separados seguindo Yennefer de Vengerberg, Geralt de Rivia e a Princesa Cirilla de Cintra. Como resultado de suas idades variadas e hist\u00f3rias de origem distintas, essa estrutura fez uma esp\u00e9cie de sentido do ponto de vista narrativo, mas alguns espectadores lutaram para entend\u00ea-la. A estrutura criou uma temporada epis\u00f3dica que remixou elementos das diferentes aventuras de Geralt. O que temos na 2\u00aa temporada de The Witcher, baseado nos primeiros seis epis\u00f3dios fornecidos pela Netflix, \u00e9 uma narrativa mais direta que sacrifica a variedade. De fato, at\u00e9 certo ponto, isso corresponde \u00e0 cad\u00eancia das hist\u00f3rias do Witcher. Antes de o autor Andrzej Sapkowski escrever os cinco romances Witcher Saga sobre Geralt, Ciri e a profecia do Sangue Anci\u00e3o, ele encheu dois livros com contos. Ele ent\u00e3o mergulhou no crescimento de Ciri, nas profecias em torno dela e na pol\u00edtica do continente e seus reinos. A s\u00e9rie n\u00e3o segue exatamente isso, mas enfoca o mundo ao redor de Geralt, ainda atrav\u00e9s de seus olhos, mas mais ciente da maneira como as diferentes partes interagem. Assim como nos romances, Ciri se torna t\u00e3o protagonista quanto Geralt e Yennefer. Podemos v\u00ea-la como uma personagem mais ativa e onde a primeira temporada a relegou em grande parte ao papel de uma donzela em perigo, Ciri se sente como uma personagem totalmente formada. Ela chega com Geralt em Kaer Morhen, a base dos Witchers, logo no in\u00edcio. Agora a salvo, longe da necessidade constante de sobreviver, ela come\u00e7a a ferver de raiva e necessidade de vingan\u00e7a. Ciri cresce rapidamente, e Geralt tamb\u00e9m. Ele \u00e9 uma figura paterna para a princesa \u00f3rf\u00e3, e rapidamente vemos como eles afetam um ao outro. Com tuto isso, Freya Allan e Henry Cavill fazem um \u00f3timo trabalho em dar vida a esses personagens de maneiras que refletem tanto os romances quanto as pe\u00e7as dos jogos. Ciri luta para processar sua m\u00e1goa, em vez de us\u00e1-la como combust\u00edvel para sua raiva. Geralt, por sua vez, come\u00e7a a encarar a no\u00e7\u00e3o de que talvez os bruxos n\u00e3o sejam t\u00e3o destitu\u00eddos de emo\u00e7\u00f5es quanto gostam de dizer a si mesmos. Al\u00e9m do fato de que Geralt n\u00e3o consegue evitar se envolver com todos os problemas com monstros que encontra, quer haja um pagamento ou n\u00e3o, pois ele tamb\u00e9m se v\u00ea cada vez mais e relutantemente envolvido com Ciri. Cavill tem mais a fazer nesta temporada, pois Geralt fala muito mais. Ele \u00e9 um cara bonito com um queixo e m\u00fasculos \u00e9picos por dias, mas isso s\u00f3 vai at\u00e9 certo ponto. Geralt tem que fazer e dizer coisas. Cavill parece um bom ajuste para esse personagem. Seu alcance n\u00e3o \u00e9 infinito, mas \u00e9 f\u00e1cil ver o quanto ele ama o personagem e como sua contribui\u00e7\u00e3o. onde o pr\u00f3prio Cavill insistiu em mais falas para Geralt, melhorando o papel. Outras performances tamb\u00e9m s\u00e3o pegajosas. Kim Bodnia traz a quantidade certa de sabedoria e tristeza para Vesemir, o mentor de Geralt. A vis\u00e3o de Anna Shaffer sobre Triss na primeira temporada foi boa, na melhor das hip\u00f3teses, mas ela parece mais real desta vez. Ela tem sentimentos por Geralt, mas tamb\u00e9m v\u00ea o mundo com mais clareza do que muitos ao seu redor, vendo o perigo para Geralt, Yennefer e Ciri.&nbsp; Os dois possuem uma qu\u00edmica muito boa como time de pai e filha. Enquanto Ciri se debate em busca de poder e seguran\u00e7a para si mesma, tamb\u00e9m olha para Geralt. Esta temporada nivela as coisas de uma perspectiva visual e de produ\u00e7\u00e3o tamb\u00e9m. O primeiro epis\u00f3dio \u00e9 centrado em um homem chamado Nivellen, de um dos primeiros contos da mitologia dos bruxos. Kristofer Hivju ( o Tormund Giantsbane em Game of Thrones) \u00e9 vestido com pr\u00f3teses de rosto inteiro durante a maior parte do epis\u00f3dio. Este personagem aparece em apenas um epis\u00f3dio do que foi fornecido pela Netflix, mas Hivju imbui o personagem com humor, calor e tristeza que me fez pensar nele cinco epis\u00f3dios depois. Ele fala igualmente bem para os maquiadores que criaram seu visual de Javali e para o pr\u00f3prio Hivju por atuar atrav\u00e9s daquelas pr\u00f3teses. Isso nem come\u00e7a em alguns dos monstros legais Geralt e sua coorte batalham, de um terr\u00edvel monstro parecido com uma \u00e1rvore a uma criatura gigante e amig\u00e1vel. Outro personagem que os f\u00e3s da franquia n\u00e3o tinham certeza, Cahir, ganha vida tamb\u00e9m. Muitos encontraram Eamon Farren pela primeira vez em Twin Peaks: The Return, onde seu personagem, Richard Horne, era igualmente malvado e ins\u00edpido, uma expectativa que os espectadores podem ter por ele aqui. Ele passa muito tempo com Yennefer, no entanto, e isso o ajuda a dar corpo a ele. Os dois est\u00e3o em lados opostos da tentativa de Nilfgaard pelo poder, e j\u00e1 podemos ver rachaduras se formando na imagem que Cahir tinha de sua terra natal. Uma coisa que ajuda a manter os monstros interessantes, seja em formato epis\u00f3dico ou n\u00e3o, \u00e9 que a s\u00e9rie n\u00e3o traz apenas criaturas para Geralt derrotar. As hist\u00f3rias do Bruxo sempre trataram o mundo m\u00e1gico em que Geralt vive como um ecossistema vivo. Esse \u00e9 um tra\u00e7o comum nos romances, nos jogos e no show que ajuda a humanizar Geralt. Ele \u00e9 um ca\u00e7ador de monstros de aluguel, mas n\u00e3o se contenta em simplesmente decapitar uma fera e seguir seu caminho. Ele sempre faz isso da maneira mais dif\u00edcil. Em outras partes do mundo, o show come\u00e7a a entrar na pol\u00edtica. H\u00e1 uma intera\u00e7\u00e3o delicada<\/p>\n","protected":false},"author":3,"featured_media":28229,"comment_status":"open","ping_status":"open","sticky":false,"template":"","format":"standard","meta":{"_monsterinsights_skip_tracking":false,"_monsterinsights_sitenote_active":false,"_monsterinsights_sitenote_note":"","_monsterinsights_sitenote_category":0,"footnotes":""},"categories":[45,1],"tags":[4231,1206,3744,136,1320,4229,4230,697,229,179,2693,4228],"class_list":["post-28222","post","type-post","status-publish","format-standard","has-post-thumbnail","hentry","category-filme-serie","category-todascategorias","tag-andrzej-sapkowski","tag-aventura","tag-drama","tag-fantasia","tag-ficcao","tag-geralt-de-rivia","tag-henry-cavill","tag-netflix","tag-series","tag-series-de-tv","tag-the-witcher","tag-wiedzmin"],"_links":{"self":[{"href":"https:\/\/universonerd.net\/portal\/wp-json\/wp\/v2\/posts\/28222","targetHints":{"allow":["GET"]}}],"collection":[{"href":"https:\/\/universonerd.net\/portal\/wp-json\/wp\/v2\/posts"}],"about":[{"href":"https:\/\/universonerd.net\/portal\/wp-json\/wp\/v2\/types\/post"}],"author":[{"embeddable":true,"href":"https:\/\/universonerd.net\/portal\/wp-json\/wp\/v2\/users\/3"}],"replies":[{"embeddable":true,"href":"https:\/\/universonerd.net\/portal\/wp-json\/wp\/v2\/comments?post=28222"}],"version-history":[{"count":0,"href":"https:\/\/universonerd.net\/portal\/wp-json\/wp\/v2\/posts\/28222\/revisions"}],"wp:featuredmedia":[{"embeddable":true,"href":"https:\/\/universonerd.net\/portal\/wp-json\/wp\/v2\/media\/28229"}],"wp:attachment":[{"href":"https:\/\/universonerd.net\/portal\/wp-json\/wp\/v2\/media?parent=28222"}],"wp:term":[{"taxonomy":"category","embeddable":true,"href":"https:\/\/universonerd.net\/portal\/wp-json\/wp\/v2\/categories?post=28222"},{"taxonomy":"post_tag","embeddable":true,"href":"https:\/\/universonerd.net\/portal\/wp-json\/wp\/v2\/tags?post=28222"}],"curies":[{"name":"wp","href":"https:\/\/api.w.org\/{rel}","templated":true}]}}