{"id":24732,"date":"2021-03-14T11:37:15","date_gmt":"2021-03-14T14:37:15","guid":{"rendered":"https:\/\/universonerd.net\/portal\/?p=24732"},"modified":"2021-03-14T11:37:19","modified_gmt":"2021-03-14T14:37:19","slug":"the-mask-omnibus-uma-versao-do-mascara-que-marcou-parte-da-sociedade-americana","status":"publish","type":"post","link":"https:\/\/universonerd.net\/portal\/the-mask-omnibus-uma-versao-do-mascara-que-marcou-parte-da-sociedade-americana\/","title":{"rendered":"The Mask Omnibus, Uma Vers\u00e3o Do M\u00e1scara Que Marcou Parte Da Sociedade Americana"},"content":{"rendered":"<p><span class=\"VIiyi\" lang=\"pt\" style=\"color: #000000;\"><span class=\"JLqJ4b ChMk0b\" data-language-for-alternatives=\"pt\" data-language-to-translate-into=\"auto\" data-phrase-index=\"0\">A s\u00e9rie em quadrinhos <em>best-seller<\/em> que inspirou o filme de sucesso <strong>The Mask<\/strong> \u00e9 coletada nesta edi\u00e7\u00e3o abrangente, mas de hilaridade nada convidativa!<\/span> <span class=\"JLqJ4b ChMk0b\" data-language-for-alternatives=\"pt\" data-language-to-translate-into=\"auto\" data-phrase-index=\"2\">Uma m\u00e1scara estranha de origem e poder desconhecidos \u00e9 descoberta e imbui seu usu\u00e1rio com invulnerabilidade ilimitada de personagem de desenho animado que leva o <em>nerd<\/em> <strong>Stanley Ipkiss<\/strong>, a pol\u00edcia, a m\u00e1fia e o monstruoso homem musculoso da turba Walter em uma colis\u00e3o violenta de destrui\u00e7\u00e3o homicida, loucura e<\/span> <span class=\"JLqJ4b ChMk0b\" data-language-for-alternatives=\"pt\" data-language-to-translate-into=\"auto\" data-phrase-index=\"3\">insanidade. <span class=\"JLqJ4b\" data-language-for-alternatives=\"pt\" data-language-to-translate-into=\"auto\" data-phrase-index=\"0\">Hora de recordar essa forte produ\u00e7\u00e3o!<\/span><\/span><\/span><\/p>\n<p><span class=\"VIiyi\" lang=\"pt\" style=\"color: #000000;\"><span class=\"JLqJ4b\" data-language-for-alternatives=\"pt\" data-language-to-translate-into=\"auto\" data-phrase-index=\"0\">Eu me peguei procurando uma lista de todos os filmes baseados originalmente em quadrinhos para um artigo que estou trabalhando para ser publicado mais adiante. Deixando de lado a \u00f3bvia maioria dos c\u00e2nones da Marvel e da DC, descobri que alguns t\u00edtulos encontraram uma maneira de se distanciar de sua origem c\u00f4mica; trabalhos como <strong>The Men in Black<\/strong> e o t\u00e3o estranho <strong>A History of Violence<\/strong> s\u00e3o alguns exemplos. Pode-se dizer que <strong>Ghost World<\/strong> se encaixa em um projeto semelhante, mas costumo ouvir esse filme mencionado exclusivamente como uma adapta\u00e7\u00e3o c\u00f4mica na maioria das vezes.<\/span><\/span><\/p>\n<blockquote>\n<p><span style=\"color: #000000; font-size: 14pt;\"><strong><em><span class=\"VIiyi\" lang=\"pt\"><span class=\"JLqJ4b\" data-language-for-alternatives=\"pt\" data-language-to-translate-into=\"auto\" data-phrase-index=\"0\">Mas \u00e9 momento de trazer uma hist\u00f3ria em quadrinhos para revisar: The Mask, de 1991.<\/span><\/span><\/em><\/strong><\/span><\/p>\n<\/blockquote>\n\n\n<figure class=\"wp-block-image\"><img fetchpriority=\"high\" decoding=\"async\" width=\"1181\" height=\"607\" src=\"https:\/\/universonerd.net\/portal\/wp-content\/uploads\/2021\/03\/The-Mask-imagem-2.jpg\" alt=\"\" class=\"wp-image-24740\" srcset=\"https:\/\/universonerd.net\/portal\/wp-content\/uploads\/2021\/03\/The-Mask-imagem-2.jpg 1181w, https:\/\/universonerd.net\/portal\/wp-content\/uploads\/2021\/03\/The-Mask-imagem-2-300x154.jpg 300w, https:\/\/universonerd.net\/portal\/wp-content\/uploads\/2021\/03\/The-Mask-imagem-2-1024x526.jpg 1024w, https:\/\/universonerd.net\/portal\/wp-content\/uploads\/2021\/03\/The-Mask-imagem-2-768x395.jpg 768w\" sizes=\"(max-width: 1181px) 100vw, 1181px\" \/><\/figure>\n\n\n\n<h3 class=\"wp-block-heading\"><strong>Um The Mask com 30 anos e forte influ\u00eancia nas produ\u00e7\u00f5es cinematogr\u00e1ficas<\/strong><\/h3>\n\n\n<p><span class=\"VIiyi\" lang=\"pt\" style=\"color: #000000;\"><span class=\"JLqJ4b\" data-language-for-alternatives=\"pt\" data-language-to-translate-into=\"auto\" data-phrase-index=\"0\">Para descobrir a origem da M\u00e1scara, desenterrei informa\u00e7\u00f5es da <strong>Dark Horse<\/strong>, onde seus fundadores criaram a ideia do que mais tarde seria conhecido como &#8220;<strong>The Masque<\/strong>&#8221; nas p\u00e1ginas da Dark Horse Presents em meados dos anos 1980. O tempo passou e o mais reconhec\u00edvel \u00e9 o seu verdadeiro in\u00edcio em 1991, desta vez escrito por <strong>John Arcudi<\/strong> e desenhado por <strong>Doug Mahnke<\/strong>, criadores do semelhante Major Bummer. Senti a necessidade de limitar esta revis\u00e3o ao que \u00e9 coletado no primeiro volume e que reflete os outros dois, sempre com influ\u00eancia e humor marcante de atos e comportamento nada apropriados em sociedade.<\/span><\/span><\/p>\n<p><span class=\"VIiyi\" lang=\"pt\" style=\"color: #000000;\"><span class=\"JLqJ4b ChMk0b\" data-language-for-alternatives=\"pt\" data-language-to-translate-into=\"auto\" data-phrase-index=\"0\">Bem, caros leitores! Em tal contexto, o usu\u00e1rio com colete de su\u00e9ter Stanley Ipkiss se viu perdido.<\/span> <span class=\"JLqJ4b ChMk0b\" data-language-for-alternatives=\"pt\" data-language-to-translate-into=\"auto\" data-phrase-index=\"1\">Depois de tentar comprar para sua namorada Katherine uma m\u00e1scara &#8220;cor de jade&#8221; como um presente de desculpas, \u00e9 espancado por uma gangue de motoqueiros local.<\/span> <span class=\"JLqJ4b ChMk0b\" data-language-for-alternatives=\"pt\" data-language-to-translate-into=\"auto\" data-phrase-index=\"2\">Com representa\u00e7\u00f5es c\u00f4micas de como ele gostaria de se vingar deles enchendo sua cabe\u00e7a, Stanley ouve uma voz vindo da m\u00e1scara enquanto estava na porta do apartamento de Katherine.<\/span> <span class=\"JLqJ4b ChMk0b\" data-language-for-alternatives=\"pt\" data-language-to-translate-into=\"auto\" data-phrase-index=\"3\">Ele finge que n\u00e3o \u00e9 nada, mas naquela noite, depois de dar a m\u00e1scara a Katherine, descobre que ela se mudou para encontr\u00e1-lo durante uma pausa no banheiro \u00e0 meia-noite.<\/span> <\/span><\/p>\n<blockquote>\n<p><span style=\"font-size: 14pt;\"><em><strong><span class=\"VIiyi\" lang=\"pt\" style=\"color: #000000;\"><span class=\"JLqJ4b ChMk0b\" data-language-for-alternatives=\"pt\" data-language-to-translate-into=\"auto\" data-phrase-index=\"4\">A curiosidade toma conta de Stanley, que decide colocar a m\u00e1scara, transformando-se em personagem macabro com reflexos sobre-humanos, com capacidade de manifestar mat\u00e9ria do nada, usar c\u00f3pias de pele do rosto das pessoas e, o mais importante de tudo, alguns bastante r\u00e1pidos<\/span> <span class=\"JLqJ4b ChMk0b\" data-language-for-alternatives=\"pt\" data-language-to-translate-into=\"auto\" data-phrase-index=\"5\">e bizarros. \u00c9 algo que precisava ser desenterrado!<\/span><\/span><\/strong><\/em><\/span><\/p>\n<\/blockquote>\n\n\n<div class=\"wp-block-image\"><figure class=\"aligncenter\"><img decoding=\"async\" width=\"484\" height=\"720\" src=\"https:\/\/universonerd.net\/portal\/wp-content\/uploads\/2021\/03\/The-Mask-imagem-3.jpg\" alt=\"\" class=\"wp-image-24741\" srcset=\"https:\/\/universonerd.net\/portal\/wp-content\/uploads\/2021\/03\/The-Mask-imagem-3.jpg 484w, https:\/\/universonerd.net\/portal\/wp-content\/uploads\/2021\/03\/The-Mask-imagem-3-202x300.jpg 202w\" sizes=\"(max-width: 484px) 100vw, 484px\" \/><\/figure><\/div>\n\n\n<p><span class=\"VIiyi\" lang=\"pt\" style=\"color: #000000;\"><span class=\"JLqJ4b\" data-language-for-alternatives=\"pt\" data-language-to-translate-into=\"auto\" data-phrase-index=\"0\">Como era de se esperar, os novos poderes de Stanley o empurram para reconstituir todas as maquina\u00e7\u00f5es engra\u00e7adas relacionadas ao massacre de homens que ele teve no in\u00edcio em rela\u00e7\u00e3o \u00e0 gangue de motoqueiros, e ele faz exatamente isso. E com isso quero dizer que nosso personagem descobre pequenas coisas que as pessoas fizeram em sua vida e as mata completamente para justificar seu mundo pessoal. Mas, como se costuma dizer, massacrar comicamente toneladas de pessoas em uma cidade atrai a aten\u00e7\u00e3o dos policiais, especificamente do tenente Kellaway. N\u00e3o quero mergulhar muito fundo, mas Ipkiss n\u00e3o vai demorar muito neste mundo, e o resto da jornada da m\u00e1scara acontece no rosto de outras pessoas.<\/span><\/span><\/p>\n<p><span class=\"VIiyi\" lang=\"pt\" style=\"color: #000000;\"><span class=\"JLqJ4b\" data-language-for-alternatives=\"pt\" data-language-to-translate-into=\"auto\" data-phrase-index=\"0\">Ao escrever sobre a m\u00e1scara, \u00e9 apenas mais f\u00e1cil escrever sobre a impress\u00e3o da m\u00e1scara e um \u00fanico antagonista. Tudo ser\u00e1 definido pelo usu\u00e1rio de maneira distinta, com as impress\u00f5es de Frank Sinatra provenientes de uma pessoa para um mundo regado com maconha ou alguma outra droga. O que o torna atraente \u00e9 que essas caracter\u00edsticas se traduzem muito mais tarde na trama. A \u00fanica amea\u00e7a real \u00e9 Solomon Grundy, conhecido como Walter, um mafioso com tamanho montanhoso e alta toler\u00e2ncia \u00e0 dor. <\/span><\/span><\/p>\n<blockquote>\n<p><span style=\"font-size: 14pt;\"><strong><em><span class=\"VIiyi\" lang=\"pt\" style=\"color: #000000;\"><span class=\"JLqJ4b\" data-language-for-alternatives=\"pt\" data-language-to-translate-into=\"auto\" data-phrase-index=\"0\">O que torna Walter interessante \u00e9 que seu semblante silencioso come\u00e7ou como um idiota sem nome, mas ese tornou o verdadeiro advers\u00e1rio de Big Head.<\/span><\/span><\/em><\/strong><\/span><\/p>\n<\/blockquote>\n\n\n<div class=\"wp-block-image\"><figure class=\"aligncenter\"><img decoding=\"async\" width=\"510\" height=\"711\" src=\"https:\/\/universonerd.net\/portal\/wp-content\/uploads\/2021\/03\/The-Mask-imagem-4.jpg\" alt=\"\" class=\"wp-image-24742\" srcset=\"https:\/\/universonerd.net\/portal\/wp-content\/uploads\/2021\/03\/The-Mask-imagem-4.jpg 510w, https:\/\/universonerd.net\/portal\/wp-content\/uploads\/2021\/03\/The-Mask-imagem-4-215x300.jpg 215w\" sizes=\"(max-width: 510px) 100vw, 510px\" \/><\/figure><\/div>\n\n\n<p><span style=\"color: #000000;\">Come\u00e7ando pela ordem descrita acima, as cores desbotadas de Matt Webb se destacam primeiro como pouco atraentes, mas apresentam toques agrad\u00e1veis, como permitir que sangue pulverizado rompesse as barreiras do painel. O uso de cores puras por objeto por Chris Chalenor \u00e9 pessoalmente meu companheiro favorito para o trabalho de linhas n\u00edtidas de Doug Mahnke, permitindo algumas express\u00f5es faciais detalhadas. O colorista Gregory Wright, al\u00e9m de Inkers Keith Williams e Rich Perrotta ajudam a dar ao trabalho de Mahnke aquela por\u00e7\u00e3o extra de cor e reflexo orientado a objetos, uma obriga\u00e7\u00e3o para o compartilhamento constante de m\u00e1scaras que ocorre durante sua execu\u00e7\u00e3o. Isso tamb\u00e9m carregou influ\u00eancia nos filmes.<\/span><\/p>\n<p><span style=\"color: #000000;\">Como lado bom, esta hist\u00f3ria em quadrinhos \u00e9 capaz de manter uma linha interconectada que representa seu mundo distinto; ao mesmo tempo em que continua a n\u00e3o sofrer com os dilemas narrativos que o humor destrutivo proporciona. Cada parte \u00e9 visualmente distinta, promovendo cores excelentes e inova\u00e7\u00e3o visual. O \u00e1pice da divers\u00e3o em um quadrinho que ainda \u00e9 capaz de se levar um pouco a s\u00e9rio. E como lado ruim, temos <\/span><span class=\"VIiyi\" lang=\"pt\" style=\"color: #000000;\"><span class=\"JLqJ4b\" data-language-for-alternatives=\"pt\" data-language-to-translate-into=\"auto\" data-phrase-index=\"0\">a arte de Doug Mahnke, que progride bastante ao longo hist\u00f3ria, mas aquele polimento forte e violento parece trazer coisas ruins como necess\u00e1rias, mas nada instrutivas para os adolescentes.<\/span><\/span><\/p>\n<blockquote>\n<p><span style=\"font-size: 14pt;\"><strong><em><span class=\"VIiyi\" lang=\"pt\" style=\"color: #000000;\"><span class=\"JLqJ4b\" data-language-for-alternatives=\"pt\" data-language-to-translate-into=\"auto\" data-phrase-index=\"0\">Isso pode ser muito aleat\u00f3rio para os leitores que n\u00e3o conseguem entender um personagem que espera que o resto do mundo leve a s\u00e9rio todas as suas atitutes.<\/span><\/span><\/em><\/strong><\/span><\/p>\n<\/blockquote>\n\n\n<div class=\"wp-block-image\"><figure class=\"aligncenter\"><img loading=\"lazy\" decoding=\"async\" width=\"1280\" height=\"720\" src=\"https:\/\/universonerd.net\/portal\/wp-content\/uploads\/2021\/03\/The-Mask-imagem-5.png\" alt=\"\" class=\"wp-image-24738\" srcset=\"https:\/\/universonerd.net\/portal\/wp-content\/uploads\/2021\/03\/The-Mask-imagem-5.png 1280w, https:\/\/universonerd.net\/portal\/wp-content\/uploads\/2021\/03\/The-Mask-imagem-5-300x169.png 300w, https:\/\/universonerd.net\/portal\/wp-content\/uploads\/2021\/03\/The-Mask-imagem-5-1024x576.png 1024w, https:\/\/universonerd.net\/portal\/wp-content\/uploads\/2021\/03\/The-Mask-imagem-5-768x432.png 768w\" sizes=\"(max-width: 1280px) 100vw, 1280px\" \/><\/figure><\/div>\n\n\n<p><span class=\"VIiyi\" lang=\"pt\" style=\"color: #000000;\"><span class=\"JLqJ4b ChMk0b\" data-language-for-alternatives=\"pt\" data-language-to-translate-into=\"auto\" data-phrase-index=\"0\">Por fim, The Mask gerou toneladas de s\u00e9ries limitadas e <em>spin-offs, <\/em>como aquela em que Walter grita por Major, algo que eu n\u00e3o recomendo para todos, mas o <strong>Omnibus<\/strong> \u00e9 considerado como sendo a &#8220;corrida&#8221; original dos criadores.<\/span> <span class=\"JLqJ4b ChMk0b\" data-language-for-alternatives=\"pt\" data-language-to-translate-into=\"auto\" data-phrase-index=\"1\">Mas<\/span> c<span class=\"JLqJ4b ChMk0b\" data-language-for-alternatives=\"pt\" data-language-to-translate-into=\"auto\" data-phrase-index=\"2\">omo pode uma hist\u00f3ria em quadrinhos t\u00e3o grande como The Mask n\u00e3o gerar novas produ\u00e7\u00f5es. <\/span><strong><span class=\"JLqJ4b ChMk0b\" data-language-for-alternatives=\"pt\" data-language-to-translate-into=\"auto\" data-phrase-index=\"3\">Ah! Quanto ao quadrinho, n\u00e3o h\u00e1 raz\u00e3o espec\u00edfica para que voc\u00ea n\u00e3o tenha essa figura da hist\u00f3ria do quadrinho, mesmo representando t\u00e3o forte um lado ruim da adolesc\u00eancia norte-americana dos anos 1990 e que reflete mais adiante.<\/span><\/strong><\/span><\/p>\n\n\n<p>_<strong>_______________________________________________________________________<\/strong>______<\/p>\n\n\n\n<p><em><strong>Se voc\u00ea gostou, n\u00e3o deixe de participar atrav\u00e9s de sugest\u00f5es, cr\u00edticas e\/ou d\u00favidas. Aproveitem para assinar o Blog, curtir a <\/strong><\/em><a href=\"https:\/\/facebook.com\/universonerd.net\" target=\"_blank\" rel=\"noreferrer noopener\"><strong>P\u00e1gina no Facebook<\/strong><\/a><em><strong>, interagir no <\/strong><\/em><a href=\"https:\/\/www.facebook.com\/groups\/1285723958213451\/\" target=\"_blank\" rel=\"noreferrer noopener\"><strong>Grupo do Facebook<\/strong><\/a><em><strong>, al\u00e9m de acompanhar publica\u00e7\u00f5es e ficar por dentro do Projeto Universo NERD, de sorteios, concursos e demais promo\u00e7\u00f5es.<\/strong><\/em><\/p>\n","protected":false},"excerpt":{"rendered":"<p>A s\u00e9rie em quadrinhos best-seller que inspirou o filme de sucesso The Mask \u00e9 coletada nesta edi\u00e7\u00e3o abrangente, mas de hilaridade nada convidativa! Uma m\u00e1scara estranha de origem e poder desconhecidos \u00e9 descoberta e imbui seu usu\u00e1rio com invulnerabilidade ilimitada de personagem de desenho animado que leva o nerd Stanley Ipkiss, a pol\u00edcia, a m\u00e1fia e o monstruoso homem musculoso da turba Walter em uma colis\u00e3o violenta de destrui\u00e7\u00e3o homicida, loucura e insanidade. Hora de recordar essa forte produ\u00e7\u00e3o! Eu me peguei procurando uma lista de todos os filmes baseados originalmente em quadrinhos para um artigo que estou trabalhando para ser publicado mais adiante. Deixando de lado a \u00f3bvia maioria dos c\u00e2nones da Marvel e da DC, descobri que alguns t\u00edtulos encontraram uma maneira de se distanciar de sua origem c\u00f4mica; trabalhos como The Men in Black e o t\u00e3o estranho A History of Violence s\u00e3o alguns exemplos. Pode-se dizer que Ghost World se encaixa em um projeto semelhante, mas costumo ouvir esse filme mencionado exclusivamente como uma adapta\u00e7\u00e3o c\u00f4mica na maioria das vezes. Mas \u00e9 momento de trazer uma hist\u00f3ria em quadrinhos para revisar: The Mask, de 1991. Um The Mask com 30 anos e forte influ\u00eancia nas produ\u00e7\u00f5es cinematogr\u00e1ficas Para descobrir a origem da M\u00e1scara, desenterrei informa\u00e7\u00f5es da Dark Horse, onde seus fundadores criaram a ideia do que mais tarde seria conhecido como &#8220;The Masque&#8221; nas p\u00e1ginas da Dark Horse Presents em meados dos anos 1980. O tempo passou e o mais reconhec\u00edvel \u00e9 o seu verdadeiro in\u00edcio em 1991, desta vez escrito por John Arcudi e desenhado por Doug Mahnke, criadores do semelhante Major Bummer. Senti a necessidade de limitar esta revis\u00e3o ao que \u00e9 coletado no primeiro volume e que reflete os outros dois, sempre com influ\u00eancia e humor marcante de atos e comportamento nada apropriados em sociedade. Bem, caros leitores! Em tal contexto, o usu\u00e1rio com colete de su\u00e9ter Stanley Ipkiss se viu perdido. Depois de tentar comprar para sua namorada Katherine uma m\u00e1scara &#8220;cor de jade&#8221; como um presente de desculpas, \u00e9 espancado por uma gangue de motoqueiros local. Com representa\u00e7\u00f5es c\u00f4micas de como ele gostaria de se vingar deles enchendo sua cabe\u00e7a, Stanley ouve uma voz vindo da m\u00e1scara enquanto estava na porta do apartamento de Katherine. Ele finge que n\u00e3o \u00e9 nada, mas naquela noite, depois de dar a m\u00e1scara a Katherine, descobre que ela se mudou para encontr\u00e1-lo durante uma pausa no banheiro \u00e0 meia-noite. A curiosidade toma conta de Stanley, que decide colocar a m\u00e1scara, transformando-se em personagem macabro com reflexos sobre-humanos, com capacidade de manifestar mat\u00e9ria do nada, usar c\u00f3pias de pele do rosto das pessoas e, o mais importante de tudo, alguns bastante r\u00e1pidos e bizarros. \u00c9 algo que precisava ser desenterrado! Como era de se esperar, os novos poderes de Stanley o empurram para reconstituir todas as maquina\u00e7\u00f5es engra\u00e7adas relacionadas ao massacre de homens que ele teve no in\u00edcio em rela\u00e7\u00e3o \u00e0 gangue de motoqueiros, e ele faz exatamente isso. E com isso quero dizer que nosso personagem descobre pequenas coisas que as pessoas fizeram em sua vida e as mata completamente para justificar seu mundo pessoal. Mas, como se costuma dizer, massacrar comicamente toneladas de pessoas em uma cidade atrai a aten\u00e7\u00e3o dos policiais, especificamente do tenente Kellaway. N\u00e3o quero mergulhar muito fundo, mas Ipkiss n\u00e3o vai demorar muito neste mundo, e o resto da jornada da m\u00e1scara acontece no rosto de outras pessoas. Ao escrever sobre a m\u00e1scara, \u00e9 apenas mais f\u00e1cil escrever sobre a impress\u00e3o da m\u00e1scara e um \u00fanico antagonista. Tudo ser\u00e1 definido pelo usu\u00e1rio de maneira distinta, com as impress\u00f5es de Frank Sinatra provenientes de uma pessoa para um mundo regado com maconha ou alguma outra droga. O que o torna atraente \u00e9 que essas caracter\u00edsticas se traduzem muito mais tarde na trama. A \u00fanica amea\u00e7a real \u00e9 Solomon Grundy, conhecido como Walter, um mafioso com tamanho montanhoso e alta toler\u00e2ncia \u00e0 dor. O que torna Walter interessante \u00e9 que seu semblante silencioso come\u00e7ou como um idiota sem nome, mas ese tornou o verdadeiro advers\u00e1rio de Big Head. Come\u00e7ando pela ordem descrita acima, as cores desbotadas de Matt Webb se destacam primeiro como pouco atraentes, mas apresentam toques agrad\u00e1veis, como permitir que sangue pulverizado rompesse as barreiras do painel. O uso de cores puras por objeto por Chris Chalenor \u00e9 pessoalmente meu companheiro favorito para o trabalho de linhas n\u00edtidas de Doug Mahnke, permitindo algumas express\u00f5es faciais detalhadas. O colorista Gregory Wright, al\u00e9m de Inkers Keith Williams e Rich Perrotta ajudam a dar ao trabalho de Mahnke aquela por\u00e7\u00e3o extra de cor e reflexo orientado a objetos, uma obriga\u00e7\u00e3o para o compartilhamento constante de m\u00e1scaras que ocorre durante sua execu\u00e7\u00e3o. Isso tamb\u00e9m carregou influ\u00eancia nos filmes. Como lado bom, esta hist\u00f3ria em quadrinhos \u00e9 capaz de manter uma linha interconectada que representa seu mundo distinto; ao mesmo tempo em que continua a n\u00e3o sofrer com os dilemas narrativos que o humor destrutivo proporciona. Cada parte \u00e9 visualmente distinta, promovendo cores excelentes e inova\u00e7\u00e3o visual. O \u00e1pice da divers\u00e3o em um quadrinho que ainda \u00e9 capaz de se levar um pouco a s\u00e9rio. E como lado ruim, temos a arte de Doug Mahnke, que progride bastante ao longo hist\u00f3ria, mas aquele polimento forte e violento parece trazer coisas ruins como necess\u00e1rias, mas nada instrutivas para os adolescentes. Isso pode ser muito aleat\u00f3rio para os leitores que n\u00e3o conseguem entender um personagem que espera que o resto do mundo leve a s\u00e9rio todas as suas atitutes. Por fim, The Mask gerou toneladas de s\u00e9ries limitadas e spin-offs, como aquela em que Walter grita por Major, algo que eu n\u00e3o recomendo para todos, mas o Omnibus \u00e9 considerado como sendo a &#8220;corrida&#8221; original dos criadores. Mas como pode uma hist\u00f3ria em quadrinhos t\u00e3o grande como The Mask n\u00e3o gerar novas produ\u00e7\u00f5es. Ah! Quanto ao quadrinho, n\u00e3o h\u00e1 raz\u00e3o espec\u00edfica para que voc\u00ea n\u00e3o tenha essa figura da hist\u00f3ria do quadrinho, mesmo representando t\u00e3o forte um lado ruim da adolesc\u00eancia norte-americana dos anos 1990 e<\/p>\n","protected":false},"author":3,"featured_media":24739,"comment_status":"open","ping_status":"open","sticky":false,"template":"","format":"standard","meta":{"_monsterinsights_skip_tracking":false,"_monsterinsights_sitenote_active":false,"_monsterinsights_sitenote_note":"","_monsterinsights_sitenote_category":0,"footnotes":""},"categories":[46,1],"tags":[3647,3645,3644,3642,3643,3646,3640,3641],"class_list":["post-24732","post","type-post","status-publish","format-standard","has-post-thumbnail","hentry","category-livro-hq","category-todascategorias","tag-dark-horse","tag-doug-mahnke","tag-john-arcudi","tag-o-mascara","tag-omnibus","tag-stanley-ipkiss","tag-the-mask","tag-the-mask-omnibus"],"_links":{"self":[{"href":"https:\/\/universonerd.net\/portal\/wp-json\/wp\/v2\/posts\/24732","targetHints":{"allow":["GET"]}}],"collection":[{"href":"https:\/\/universonerd.net\/portal\/wp-json\/wp\/v2\/posts"}],"about":[{"href":"https:\/\/universonerd.net\/portal\/wp-json\/wp\/v2\/types\/post"}],"author":[{"embeddable":true,"href":"https:\/\/universonerd.net\/portal\/wp-json\/wp\/v2\/users\/3"}],"replies":[{"embeddable":true,"href":"https:\/\/universonerd.net\/portal\/wp-json\/wp\/v2\/comments?post=24732"}],"version-history":[{"count":0,"href":"https:\/\/universonerd.net\/portal\/wp-json\/wp\/v2\/posts\/24732\/revisions"}],"wp:featuredmedia":[{"embeddable":true,"href":"https:\/\/universonerd.net\/portal\/wp-json\/wp\/v2\/media\/24739"}],"wp:attachment":[{"href":"https:\/\/universonerd.net\/portal\/wp-json\/wp\/v2\/media?parent=24732"}],"wp:term":[{"taxonomy":"category","embeddable":true,"href":"https:\/\/universonerd.net\/portal\/wp-json\/wp\/v2\/categories?post=24732"},{"taxonomy":"post_tag","embeddable":true,"href":"https:\/\/universonerd.net\/portal\/wp-json\/wp\/v2\/tags?post=24732"}],"curies":[{"name":"wp","href":"https:\/\/api.w.org\/{rel}","templated":true}]}}