{"id":23967,"date":"2021-01-22T11:30:05","date_gmt":"2021-01-22T14:30:05","guid":{"rendered":"https:\/\/universonerd.net\/portal\/?p=23967"},"modified":"2021-01-22T14:39:53","modified_gmt":"2021-01-22T17:39:53","slug":"precisamos-falar-sobre-equinox","status":"publish","type":"post","link":"https:\/\/universonerd.net\/portal\/precisamos-falar-sobre-equinox\/","title":{"rendered":"Precisamos Falar Sobre: Equinox"},"content":{"rendered":"<p><span style=\"color: #000000;\">Sauda\u00e7\u00f5es, meus caros <em>nerds<\/em> pag\u00e3os de plant\u00e3o! Tudo bom convosco? Dada a falta de lan\u00e7amentos, neste come\u00e7o de ano estava bem dif\u00edcil de encontrar uma s\u00e9rie in\u00e9dita para acompanhar. Assisti v\u00e1rios <em>trailers<\/em> e li algumas sinopses, por\u00e9m, nada me chamava a aten\u00e7\u00e3o. Por fim, resolvi dar uma chance a um t\u00edtulo que, num primeiro olhar, encarei com muito preconceito por conter em sua sinopse a jun\u00e7\u00e3o das palavras \u201cadolescentes\u201d, \u201cdesaparecidos\u201d, \u201cmisteriosamente\u201d e \u201cpassado\u201d, que automaticamente me remetem a um g\u00eanero de s\u00e9rie que j\u00e1 est\u00e1 ficando um tanto quanto clicherizada.<\/span><\/p>\n<p><span style=\"color: #000000;\">Todavia, ao ler a pequena s\u00edntese de cada cap\u00edtulo que a Netflix disponibiliza, percebi que havia elementos muito particulares em seu enredo e que a obra n\u00e3o se tratava de uma tentativa barata de pegar carona no \u201cesqueminha\u201d Dark e Stranger Things. Hoje, precisamos falar sobre Equinox.<\/span><\/p>\n\n\n<div class=\"wp-block-image\"><figure class=\"aligncenter size-large is-resized\"><img fetchpriority=\"high\" decoding=\"async\" src=\"https:\/\/universonerd.net\/portal\/wp-content\/uploads\/2021\/01\/capa-1.jpg\" alt=\"\" class=\"wp-image-23971\" width=\"361\" height=\"504\" srcset=\"https:\/\/universonerd.net\/portal\/wp-content\/uploads\/2021\/01\/capa-1.jpg 681w, https:\/\/universonerd.net\/portal\/wp-content\/uploads\/2021\/01\/capa-1-215x300.jpg 215w\" sizes=\"(max-width: 361px) 100vw, 361px\" \/><\/figure><\/div>\n\n\n<p><span style=\"color: #000000;\">Dirigida por S\u00f8ren Balle e Mads Matthiesen, Equinox \u00e9 uma s\u00e9rie dinamarquesa criada pela diretora cinematogr\u00e1fica Tea Lindeburg, que em conjunto de outros cineasta e escritores, desenvolveram o roteiro da obra, adaptando-o de um famoso <em>podcast<\/em> da Dinamarca chamado Equinox 1985. Foi lan\u00e7ada em 30 de dezembro de 2020, sendo disponibilizada \u2013 como j\u00e1 puderam perceber \u2013 pela <em>streaming<\/em> Netflix.<\/span><\/p>\n<p><span style=\"color: #000000;\">Nos pap\u00e9is principais, Danica Curcic, como a Astrid adulta do tempo atual, e a fof\u00edssima Viola Martinsen, interpretando Astrid enquanto crian\u00e7a aos nove anos de idade. Dentre outros atores que tiveram pap\u00e9is de destaque para a trama, cito Karoline Hamm (Ida), Fanny Bornedal (Amelia), August Carter (Jakob), Ask Truelsen (Falke), Hanne Hedelund (Lene) e Lars Brygmann, como Denis, que voc\u00ea s\u00f3 dever\u00e1 reconhecer caso tenha costume de acompanhar s\u00e9ries n\u00f3rdicas, que na minha opini\u00e3o, s\u00e3o as melhores da atualidade nos g\u00eaneros suspense e policial\/investiga\u00e7\u00e3o.<\/span><\/p>\n\n\n<div class=\"wp-block-image\"><figure class=\"aligncenter size-large\"><img decoding=\"async\" width=\"1024\" height=\"576\" src=\"https:\/\/universonerd.net\/portal\/wp-content\/uploads\/2021\/01\/02-1-1024x576.jpg\" alt=\"\" class=\"wp-image-23969\" srcset=\"https:\/\/universonerd.net\/portal\/wp-content\/uploads\/2021\/01\/02-1-1024x576.jpg 1024w, https:\/\/universonerd.net\/portal\/wp-content\/uploads\/2021\/01\/02-1-300x169.jpg 300w, https:\/\/universonerd.net\/portal\/wp-content\/uploads\/2021\/01\/02-1-768x432.jpg 768w, https:\/\/universonerd.net\/portal\/wp-content\/uploads\/2021\/01\/02-1-1536x864.jpg 1536w, https:\/\/universonerd.net\/portal\/wp-content\/uploads\/2021\/01\/02-1-2048x1152.jpg 2048w\" sizes=\"(max-width: 1024px) 100vw, 1024px\" \/><\/figure><\/div>\n\n\n<p><span style=\"color: #000000;\">Como voc\u00eas j\u00e1 est\u00e3o carecas de saber, em \u201cPrecisamos Falar Sobre\u201d, a inten\u00e7\u00e3o \u00e9 chamar a aten\u00e7\u00e3o para a exist\u00eancia da obra analisada como uma forma de indica\u00e7\u00e3o sem dar <em>spoilers<\/em> significativos, apresentando apenas o conceito do enredo que presenciar\u00e3o caso decidam assistir. Portanto, sobre Equinox vale ser mencionado que se trata de uma hist\u00f3ria onde um grupo composto por 18 jovens dinamarqueses, formandos do Ensino M\u00e9dio no ano de 1999, desaparecem misteriosamente durante a viagem de caminh\u00e3o que os levavam de casa em casa para comemorarem e prestar agradecimentos aos seus pais, conforme tradi\u00e7\u00e3o do pa\u00eds.<\/span><\/p>\n<p><span style=\"color: #000000;\">Um desses jovens \u00e9 Ida, irm\u00e3 de Astrid. Com o sumi\u00e7o da irm\u00e3 mais velha, a menina passa a ter pesadelos terr\u00edveis que parecem lhe trazer respostas desconexas e assustadoras para o paradeiro de Ida e seus colegas. Com o passar do tempo, esses sonhos pioram a ponto de virarem alucina\u00e7\u00f5es e desmaios em plena luz do dia. Astrid, sem nenhum problema de ordem f\u00edsica, \u00e9 internada para receber tratamento psiqui\u00e1trico, pois os m\u00e9dicos que a tratavam acreditavam que ela desenvolvera um enorme complexo de culpa.<\/span><\/p>\n\n\n<div class=\"wp-block-image\"><figure class=\"aligncenter size-large\"><img decoding=\"async\" width=\"1024\" height=\"576\" src=\"https:\/\/universonerd.net\/portal\/wp-content\/uploads\/2021\/01\/01-1-1024x576.jpg\" alt=\"\" class=\"wp-image-23968\" srcset=\"https:\/\/universonerd.net\/portal\/wp-content\/uploads\/2021\/01\/01-1-1024x576.jpg 1024w, https:\/\/universonerd.net\/portal\/wp-content\/uploads\/2021\/01\/01-1-300x169.jpg 300w, https:\/\/universonerd.net\/portal\/wp-content\/uploads\/2021\/01\/01-1-768x432.jpg 768w, https:\/\/universonerd.net\/portal\/wp-content\/uploads\/2021\/01\/01-1-1536x864.jpg 1536w, https:\/\/universonerd.net\/portal\/wp-content\/uploads\/2021\/01\/01-1-2048x1152.jpg 2048w\" sizes=\"(max-width: 1024px) 100vw, 1024px\" \/><\/figure><\/div>\n\n\n<p><span style=\"color: #000000;\">No ano de 2020, ainda sem uma resposta plaus\u00edvel, Astrid, agora adulta e m\u00e3e de fam\u00edlia, ainda carrega consigo o trauma do passado. Trabalhando como radialista, um belo dia recebe uma liga\u00e7\u00e3o de um dos melhores amigos de Ida, que tamb\u00e9m havia desaparecido em 1999. Toda sua obsess\u00e3o pelo caso reascende novamente e ela decide partir em busca de uma resposta definitiva para que possa, enfim, ter alguma paz. E \u00e9 em cima disso que o enredo se desenvolver\u00e1, meu vidente <em>nerd<\/em>.<\/span><\/p>\n<p><span style=\"color: #000000;\">Por n\u00e3o ser <em>hollywoodiana<\/em>, j\u00e1 tenha em mente que n\u00e3o haver\u00e1 cenas de persegui\u00e7\u00e3o de carros, pr\u00e9dios explodindo, efeitos especiais de quilo, batalhas \u00e9picas entre humanos e zumbis, her\u00f3is e vil\u00f5es, e nada que se aproxime disso! Como uma boa s\u00e9rie europeia de origem n\u00f3rdica, espere um ritmo bem compassado, s\u00f3brio e sem exageros para os acontecimentos. E o melhor de tudo: as explica\u00e7\u00f5es para os mist\u00e9rios n\u00e3o s\u00e3o \u00f3bvias e tem uma certa originalidade ao valer-se de fortes aspectos culturais da mitologia e religiosidade dinamarquesa.<\/span><\/p>\n\n\n<div class=\"wp-block-image\"><figure class=\"aligncenter size-large\"><img loading=\"lazy\" decoding=\"async\" width=\"1024\" height=\"576\" src=\"https:\/\/universonerd.net\/portal\/wp-content\/uploads\/2021\/01\/03-1024x576.jpg\" alt=\"\" class=\"wp-image-23970\" srcset=\"https:\/\/universonerd.net\/portal\/wp-content\/uploads\/2021\/01\/03-1024x576.jpg 1024w, https:\/\/universonerd.net\/portal\/wp-content\/uploads\/2021\/01\/03-300x169.jpg 300w, https:\/\/universonerd.net\/portal\/wp-content\/uploads\/2021\/01\/03-768x432.jpg 768w, https:\/\/universonerd.net\/portal\/wp-content\/uploads\/2021\/01\/03-1536x864.jpg 1536w, https:\/\/universonerd.net\/portal\/wp-content\/uploads\/2021\/01\/03-2048x1152.jpg 2048w\" sizes=\"(max-width: 1024px) 100vw, 1024px\" \/><\/figure><\/div>\n\n\n<p><span style=\"color: #000000;\">Mas como j\u00e1 estou come\u00e7ando a falar demais, \u00e9 melhor parar por aqui&#8230; Equinox \u00e9, sem d\u00favida alguma, uma s\u00e9rie que vale muito a pena de ser vista caso curta um suspense com as caracter\u00edsticas que descrevi aqui. Agora, se voc\u00ea s\u00f3 se prende em algo que traga alguma a\u00e7\u00e3o o tempo todo, deixe-a passar batido e procure outro t\u00edtulo. Ostara h\u00e1 de te perdoar.<\/span><\/p>\n<p><span style=\"color: #000000;\">Abra\u00e7o e at\u00e9 breve.<\/span><\/p>\n\n\n<p><strong>_______________________________________________________________________<\/strong>______<\/p>\n\n\n\n<p><em><strong>Se voc\u00ea gostou, n\u00e3o deixe de participar atrav\u00e9s de sugest\u00f5es, cr\u00edticas e\/ou d\u00favidas. Aproveitem para assinar o Blog, curtir a <\/strong><\/em><a href=\"https:\/\/facebook.com\/universonerd.net\" target=\"_blank\" rel=\"noreferrer noopener\"><strong>P\u00e1gina no Facebook<\/strong><\/a><em><strong>, interagir no <\/strong><\/em><a href=\"https:\/\/www.facebook.com\/groups\/1285723958213451\/\" target=\"_blank\" rel=\"noreferrer noopener\"><strong>Grupo do Facebook<\/strong><\/a><em><strong>, al\u00e9m de acompanhar publica\u00e7\u00f5es e ficar por dentro do Projeto Universo NERD, de sorteios, concursos e demais promo\u00e7\u00f5es.<\/strong><\/em><\/p>\n","protected":false},"excerpt":{"rendered":"<p>Sauda\u00e7\u00f5es, meus caros nerds pag\u00e3os de plant\u00e3o! Tudo bom convosco? Dada a falta de lan\u00e7amentos, neste come\u00e7o de ano estava bem dif\u00edcil de encontrar uma s\u00e9rie in\u00e9dita para acompanhar. Assisti v\u00e1rios trailers e li algumas sinopses, por\u00e9m, nada me chamava a aten\u00e7\u00e3o. Por fim, resolvi dar uma chance a um t\u00edtulo que, num primeiro olhar, encarei com muito preconceito por conter em sua sinopse a jun\u00e7\u00e3o das palavras \u201cadolescentes\u201d, \u201cdesaparecidos\u201d, \u201cmisteriosamente\u201d e \u201cpassado\u201d, que automaticamente me remetem a um g\u00eanero de s\u00e9rie que j\u00e1 est\u00e1 ficando um tanto quanto clicherizada. Todavia, ao ler a pequena s\u00edntese de cada cap\u00edtulo que a Netflix disponibiliza, percebi que havia elementos muito particulares em seu enredo e que a obra n\u00e3o se tratava de uma tentativa barata de pegar carona no \u201cesqueminha\u201d Dark e Stranger Things. Hoje, precisamos falar sobre Equinox. Dirigida por S\u00f8ren Balle e Mads Matthiesen, Equinox \u00e9 uma s\u00e9rie dinamarquesa criada pela diretora cinematogr\u00e1fica Tea Lindeburg, que em conjunto de outros cineasta e escritores, desenvolveram o roteiro da obra, adaptando-o de um famoso podcast da Dinamarca chamado Equinox 1985. Foi lan\u00e7ada em 30 de dezembro de 2020, sendo disponibilizada \u2013 como j\u00e1 puderam perceber \u2013 pela streaming Netflix. Nos pap\u00e9is principais, Danica Curcic, como a Astrid adulta do tempo atual, e a fof\u00edssima Viola Martinsen, interpretando Astrid enquanto crian\u00e7a aos nove anos de idade. Dentre outros atores que tiveram pap\u00e9is de destaque para a trama, cito Karoline Hamm (Ida), Fanny Bornedal (Amelia), August Carter (Jakob), Ask Truelsen (Falke), Hanne Hedelund (Lene) e Lars Brygmann, como Denis, que voc\u00ea s\u00f3 dever\u00e1 reconhecer caso tenha costume de acompanhar s\u00e9ries n\u00f3rdicas, que na minha opini\u00e3o, s\u00e3o as melhores da atualidade nos g\u00eaneros suspense e policial\/investiga\u00e7\u00e3o. Como voc\u00eas j\u00e1 est\u00e3o carecas de saber, em \u201cPrecisamos Falar Sobre\u201d, a inten\u00e7\u00e3o \u00e9 chamar a aten\u00e7\u00e3o para a exist\u00eancia da obra analisada como uma forma de indica\u00e7\u00e3o sem dar spoilers significativos, apresentando apenas o conceito do enredo que presenciar\u00e3o caso decidam assistir. Portanto, sobre Equinox vale ser mencionado que se trata de uma hist\u00f3ria onde um grupo composto por 18 jovens dinamarqueses, formandos do Ensino M\u00e9dio no ano de 1999, desaparecem misteriosamente durante a viagem de caminh\u00e3o que os levavam de casa em casa para comemorarem e prestar agradecimentos aos seus pais, conforme tradi\u00e7\u00e3o do pa\u00eds. Um desses jovens \u00e9 Ida, irm\u00e3 de Astrid. Com o sumi\u00e7o da irm\u00e3 mais velha, a menina passa a ter pesadelos terr\u00edveis que parecem lhe trazer respostas desconexas e assustadoras para o paradeiro de Ida e seus colegas. Com o passar do tempo, esses sonhos pioram a ponto de virarem alucina\u00e7\u00f5es e desmaios em plena luz do dia. Astrid, sem nenhum problema de ordem f\u00edsica, \u00e9 internada para receber tratamento psiqui\u00e1trico, pois os m\u00e9dicos que a tratavam acreditavam que ela desenvolvera um enorme complexo de culpa. No ano de 2020, ainda sem uma resposta plaus\u00edvel, Astrid, agora adulta e m\u00e3e de fam\u00edlia, ainda carrega consigo o trauma do passado. Trabalhando como radialista, um belo dia recebe uma liga\u00e7\u00e3o de um dos melhores amigos de Ida, que tamb\u00e9m havia desaparecido em 1999. Toda sua obsess\u00e3o pelo caso reascende novamente e ela decide partir em busca de uma resposta definitiva para que possa, enfim, ter alguma paz. E \u00e9 em cima disso que o enredo se desenvolver\u00e1, meu vidente nerd. Por n\u00e3o ser hollywoodiana, j\u00e1 tenha em mente que n\u00e3o haver\u00e1 cenas de persegui\u00e7\u00e3o de carros, pr\u00e9dios explodindo, efeitos especiais de quilo, batalhas \u00e9picas entre humanos e zumbis, her\u00f3is e vil\u00f5es, e nada que se aproxime disso! Como uma boa s\u00e9rie europeia de origem n\u00f3rdica, espere um ritmo bem compassado, s\u00f3brio e sem exageros para os acontecimentos. E o melhor de tudo: as explica\u00e7\u00f5es para os mist\u00e9rios n\u00e3o s\u00e3o \u00f3bvias e tem uma certa originalidade ao valer-se de fortes aspectos culturais da mitologia e religiosidade dinamarquesa. Mas como j\u00e1 estou come\u00e7ando a falar demais, \u00e9 melhor parar por aqui&#8230; Equinox \u00e9, sem d\u00favida alguma, uma s\u00e9rie que vale muito a pena de ser vista caso curta um suspense com as caracter\u00edsticas que descrevi aqui. Agora, se voc\u00ea s\u00f3 se prende em algo que traga alguma a\u00e7\u00e3o o tempo todo, deixe-a passar batido e procure outro t\u00edtulo. Ostara h\u00e1 de te perdoar. Abra\u00e7o e at\u00e9 breve. _____________________________________________________________________________ Se voc\u00ea gostou, n\u00e3o deixe de participar atrav\u00e9s de sugest\u00f5es, cr\u00edticas e\/ou d\u00favidas. Aproveitem para assinar o Blog, curtir a P\u00e1gina no Facebook, interagir no Grupo do Facebook, al\u00e9m de acompanhar publica\u00e7\u00f5es e ficar por dentro do Projeto Universo NERD, de sorteios, concursos e demais promo\u00e7\u00f5es.<\/p>\n","protected":false},"author":13,"featured_media":23973,"comment_status":"open","ping_status":"open","sticky":false,"template":"","format":"standard","meta":{"_monsterinsights_skip_tracking":false,"_monsterinsights_sitenote_active":false,"_monsterinsights_sitenote_note":"","_monsterinsights_sitenote_category":0,"footnotes":""},"categories":[45,1],"tags":[3552,697,179],"class_list":["post-23967","post","type-post","status-publish","format-standard","has-post-thumbnail","hentry","category-filme-serie","category-todascategorias","tag-equinox","tag-netflix","tag-series-de-tv"],"_links":{"self":[{"href":"https:\/\/universonerd.net\/portal\/wp-json\/wp\/v2\/posts\/23967","targetHints":{"allow":["GET"]}}],"collection":[{"href":"https:\/\/universonerd.net\/portal\/wp-json\/wp\/v2\/posts"}],"about":[{"href":"https:\/\/universonerd.net\/portal\/wp-json\/wp\/v2\/types\/post"}],"author":[{"embeddable":true,"href":"https:\/\/universonerd.net\/portal\/wp-json\/wp\/v2\/users\/13"}],"replies":[{"embeddable":true,"href":"https:\/\/universonerd.net\/portal\/wp-json\/wp\/v2\/comments?post=23967"}],"version-history":[{"count":0,"href":"https:\/\/universonerd.net\/portal\/wp-json\/wp\/v2\/posts\/23967\/revisions"}],"wp:featuredmedia":[{"embeddable":true,"href":"https:\/\/universonerd.net\/portal\/wp-json\/wp\/v2\/media\/23973"}],"wp:attachment":[{"href":"https:\/\/universonerd.net\/portal\/wp-json\/wp\/v2\/media?parent=23967"}],"wp:term":[{"taxonomy":"category","embeddable":true,"href":"https:\/\/universonerd.net\/portal\/wp-json\/wp\/v2\/categories?post=23967"},{"taxonomy":"post_tag","embeddable":true,"href":"https:\/\/universonerd.net\/portal\/wp-json\/wp\/v2\/tags?post=23967"}],"curies":[{"name":"wp","href":"https:\/\/api.w.org\/{rel}","templated":true}]}}