{"id":18728,"date":"2019-03-13T13:00:18","date_gmt":"2019-03-13T16:00:18","guid":{"rendered":"https:\/\/universonerd.net\/portal\/?p=18728"},"modified":"2019-03-17T13:25:48","modified_gmt":"2019-03-17T16:25:48","slug":"the-umbrella-academy-a-febre-do-momento","status":"publish","type":"post","link":"https:\/\/universonerd.net\/portal\/the-umbrella-academy-a-febre-do-momento\/","title":{"rendered":"The Umbrella Academy: A Febre do Momento"},"content":{"rendered":"\n<p class=\"has-text-color has-very-dark-gray-color\">Ol\u00e1, Queridos Leitores. Nos \u00faltimos 15 dias, vi meu filho muito interessado em uma s\u00e9rie que chegou \u00e0 Netflix e acabei descobrindo que virou uma \u201cfebre\u201d. Eu diria que faz mais entre o p\u00fablico mais jovem, mas n\u00e3o vou generalizar. Estou falando da s\u00e9rie <strong>\u201cThe Umbrella Academy\u201d<\/strong>. Vamos conhec\u00ea-la?<\/p>\n\n\n\n<p class=\"has-text-color has-very-dark-gray-color\">Cuidado! Prometo que tentarei n\u00e3o dar spoilers, mas se\nacontecer, me perdoem desde j\u00e1.<\/p>\n\n\n\n<p class=\"has-text-color has-very-dark-gray-color\"><strong>The Umbrella Academy<\/strong> \u00e9 uma s\u00e9rie de televis\u00e3o americana, adaptada da s\u00e9rie de quadrinhos com o mesmo nome, criada por Gerard Way e o quadrinista brasileiro Gabriel B\u00e1, a qual foi publicada pela Dark Horse Comics. Aqui, no Brasil, foi publicada pela editora Devir. A s\u00e9rie de televis\u00e3o teve sua estreia em 15 de fevereiro de 2019, na Netflix.<\/p>\n\n\n\n<blockquote class=\"wp-block-quote is-layout-flow wp-block-quote-is-layout-flow\"><p><strong><em>A hist\u00f3ria principal da s\u00e9rie The Umbrella Academy se passa em um mundo totalmente alternativo, onde o Presidente Kennedy n\u00e3o foi assassinado e claro, os fatos seguintes sofreram altera\u00e7\u00f5es por consequ\u00eancia. <\/em><\/strong><\/p><\/blockquote>\n\n\n\n<p class=\"has-text-color has-very-dark-gray-color\">Em meio a um mundo ca\u00f3tico, no ano de 1989, 43 mulheres\ntiveram filhos sem, aparentemente, estarem gr\u00e1vidas, fato que chamou a aten\u00e7\u00e3o\ndo milion\u00e1rio exc\u00eantrico Sir Reginald Hargreeves, o qual busca adotar todas\nelas ou o m\u00e1ximo delas que conseguir.<\/p>\n\n\n\n<p class=\"has-text-color has-very-dark-gray-color\">Ele consegue adotar 7 dessas crian\u00e7as e come\u00e7a um\ntreinamento para que elas estejam sempre aptas a passar por qualquer situa\u00e7\u00e3o,\nincluindo o combate ao crime e porque n\u00e3o, salvar o mundo se for preciso. &nbsp;Por\u00e9m, esse treinamento faz com que elas se\ntornem distantes da pr\u00f3pria fam\u00edlia e at\u00e9 mesmo uns dos outros, afastando-os\npor um longo per\u00edodo. <\/p>\n\n\n\n<p class=\"has-text-color has-very-dark-gray-color\">O que os re\u00fane novamente \u00e9 o falecimento de seu pai, o milion\u00e1rio, por\u00e9m, as circunst\u00e2ncias de tal acontecimento s\u00e3o peculiares e misteriosas. O que essas crian\u00e7as, agora adultos, n\u00e3o esperavam \u00e9 o reaparecimento de um de seus irm\u00e3os, desaparecido h\u00e1 17 anos, que traz consigo a not\u00edcia de um inevit\u00e1vel apocalipse. <\/p>\n\n\n\n<blockquote class=\"wp-block-quote is-layout-flow wp-block-quote-is-layout-flow\"><p><strong><em>Agora, eles se encontram em uma situa\u00e7\u00e3o a qual ser\u00e3o for\u00e7ados a enfrentarem suas diferen\u00e7as e trabalharem juntos.<\/em><\/strong><\/p><\/blockquote>\n\n\n\n<p class=\"has-text-color has-very-dark-gray-color\">A s\u00e9rie \u00e9 cheia de emo\u00e7\u00f5es, desde o in\u00edcio, conflitos mal\nresolvidos ou n\u00e3o-resolvidos, traumas que voltam para assombrar a vida de\nnossos protagonistas, v\u00eam de encontro \u00e0 not\u00edcia do falecimento do patriarca da\nfam\u00edlia, fazendo com que as emo\u00e7\u00f5es fiquem \u00e0 flor da pele, afetando os\nacontecimentos no tempo e espa\u00e7o da hist\u00f3ria. <\/p>\n\n\n\n<p class=\"has-text-color has-very-dark-gray-color\">Segue abaixo, o trailer oficial da s\u00e9rie. Est\u00e1 com o \u00e1udio original, sem legendas, mas muito simples de compreender. Olhem s\u00f3:<\/p>\n\n\n\n<figure class=\"wp-block-embed-youtube wp-block-embed is-type-video is-provider-youtube wp-embed-aspect-16-9 wp-has-aspect-ratio\"><div class=\"wp-block-embed__wrapper\">\n<iframe title=\"The Umbrella Academy | Official Trailer | Netflix\" width=\"800\" height=\"450\" src=\"https:\/\/www.youtube.com\/embed\/0DAmWHxeoKw?feature=oembed\" frameborder=\"0\" allow=\"accelerometer; autoplay; clipboard-write; encrypted-media; gyroscope; picture-in-picture; web-share\" referrerpolicy=\"strict-origin-when-cross-origin\" allowfullscreen><\/iframe>\n<\/div><\/figure>\n\n\n\n<h3 class=\"wp-block-heading\">A Cr\u00edtica<\/h3>\n\n\n\n<p class=\"has-text-color has-very-dark-gray-color\">A s\u00e9rie, apesar de premiada, recebeu duras cr\u00edticas. Seu come\u00e7o\nfoi eletrizante, imperando o tom exc\u00eantrico de forma marcante, apresentando\ncada um dos irm\u00e3os, suas falhas e personalidades bem definidas, seus\nrelacionamentos com o pai de forma individual e ao mesmo tempo o relacionamento\n&nbsp;o grupo, na pr\u00f3pria academia. Todos os\npersonagens s\u00e3o \u201cfragmentados\u201d, com traumas de inf\u00e2ncia, com consequ\u00eancias causadas\npor seus super poderes. <\/p>\n\n\n\n<p class=\"has-text-color has-very-dark-gray-color\">Somando isso a alguns elementos bizarros e extravagantes,\ncomo o macaco mordomo e a \u201cm\u00e3e\u201d que \u00e9 um rob\u00f4, fica clara a proposta\nextravagante da s\u00e9rie. Por\u00e9m, segundo alguns cr\u00edticos, conforme a temporada\navan\u00e7a, a s\u00e9rie acaba caindo na mesmice convencional, com os personagens\nengessados uns aos outros e dessa forma, tornando alguns acontecimentos previs\u00edveis.<\/p>\n\n\n\n<blockquote class=\"wp-block-quote is-layout-flow wp-block-quote-is-layout-flow\"><p><strong><em>Os personagens s\u00e3o ricos em peculiaridades a serem exploradas, por\u00e9m, a preocupa\u00e7\u00e3o da s\u00e9rie em focar no apocalipse inevit\u00e1vel, faz com que a abordagem sobre esses personagens seja feita de maneira rasa.<\/em><\/strong><\/p><\/blockquote>\n\n\n\n<p class=\"has-text-color has-very-dark-gray-color\">A pr\u00f3pria atmosfera exc\u00eantrica e a profundidade dos superpoderes dos irm\u00e3os, poderiam levar ao acontecimento do apocalipse, por\u00e9m a s\u00e9rie seguiu um caminho mais seguro, ao inv\u00e9s de se arriscar em um desconhecido. <\/p>\n\n\n\n<p class=\"has-text-color has-very-dark-gray-color\">Expectativas e frustra\u00e7\u00f5es a parte, a trilha sonora da s\u00e9rie encaixou muito bem com as mais variadas cenas, sejam elas eletrizantes ou n\u00e3o. Mesmo que \u00e0s vezes a cena em quest\u00e3o n\u00e3o seja t\u00e3o bem produzida, algumas se encaixaram perfeitamente com sua trilha, criando momentos inesquec\u00edveis. <\/p>\n\n\n\n<h3 class=\"wp-block-heading\">Personagens<\/h3>\n\n\n\n<p class=\"has-text-color has-very-dark-gray-color\"><strong>1) Spaceboy <\/strong>ou<strong> Luther:<\/strong> possui uma super-for\u00e7a e \u00e9 o l\u00edder da equipe. Sempre sonhou em ir para o espa\u00e7o e, quando atingiu uma certa idade, seu pai realmente o envia para l\u00e1. Por\u00e9m, sofre um acidente que destr\u00f3i seu corpo e \u00e9 acoplado a um corpo de gorila. Possui uma fidelidade \u201cirritante\u201d ao pai.<\/p>\n\n\n\n<figure class=\"wp-block-image\"><img fetchpriority=\"high\" decoding=\"async\" width=\"1071\" height=\"1077\" src=\"https:\/\/i0.wp.com\/universonerd.net\/portal\/wp-content\/uploads\/2019\/03\/Luther.jpg?fit=789%2C794&amp;ssl=1\" alt=\"\" class=\"wp-image-18733\" srcset=\"https:\/\/universonerd.net\/portal\/wp-content\/uploads\/2019\/03\/Luther.jpg 1071w, https:\/\/universonerd.net\/portal\/wp-content\/uploads\/2019\/03\/Luther-150x150.jpg 150w, https:\/\/universonerd.net\/portal\/wp-content\/uploads\/2019\/03\/Luther-298x300.jpg 298w, https:\/\/universonerd.net\/portal\/wp-content\/uploads\/2019\/03\/Luther-768x772.jpg 768w, https:\/\/universonerd.net\/portal\/wp-content\/uploads\/2019\/03\/Luther-1018x1024.jpg 1018w\" sizes=\"(max-width: 1071px) 100vw, 1071px\" \/><\/figure>\n\n\n\n<p class=\"has-text-color has-very-dark-gray-color\"><strong>2) Kraken <\/strong>ou <strong>Diego:<\/strong> rebelde e imprudente, pode prender a respira\u00e7\u00e3o por tempo indeterminado. Al\u00e9m disso, \u00e9 muito habilidoso com as facas. Possui uma certa rivalidade com Luther e uma certa paix\u00e3o escondida por sua irm\u00e3 adotiva, Vanya.<\/p>\n\n\n\n<figure class=\"wp-block-image\"><img decoding=\"async\" width=\"3600\" height=\"2400\" src=\"https:\/\/i1.wp.com\/universonerd.net\/portal\/wp-content\/uploads\/2019\/03\/Diego.jpg?fit=789%2C526&amp;ssl=1\" alt=\"\" class=\"wp-image-18734\" srcset=\"https:\/\/universonerd.net\/portal\/wp-content\/uploads\/2019\/03\/Diego.jpg 3600w, https:\/\/universonerd.net\/portal\/wp-content\/uploads\/2019\/03\/Diego-300x200.jpg 300w, https:\/\/universonerd.net\/portal\/wp-content\/uploads\/2019\/03\/Diego-768x512.jpg 768w, https:\/\/universonerd.net\/portal\/wp-content\/uploads\/2019\/03\/Diego-1024x683.jpg 1024w\" sizes=\"(max-width: 3600px) 100vw, 3600px\" \/><\/figure>\n\n\n\n<p class=\"has-text-color has-very-dark-gray-color\"><strong>3) Rumor <\/strong>ou<strong> Allison:<\/strong> vaidosa ao extremo, consegue alterar a realidade ao mentir. Divorciada, m\u00e3e da pequena Claire que acaba ficando com o pai, ela tem uma forte liga\u00e7\u00e3o rom\u00e2ntica com seu irm\u00e3o adotivo, Luther. Por\u00e9m, nada \u00e9 consumado entre eles. Sua m\u00e3o esquerda \u00e9 cibern\u00e9tica, embora n\u00e3o pare\u00e7a.<\/p>\n\n\n\n<figure class=\"wp-block-image\"><img decoding=\"async\" width=\"1500\" height=\"999\" src=\"https:\/\/i1.wp.com\/universonerd.net\/portal\/wp-content\/uploads\/2019\/03\/Allison.jpg?fit=789%2C525&amp;ssl=1\" alt=\"\" class=\"wp-image-18735\" srcset=\"https:\/\/universonerd.net\/portal\/wp-content\/uploads\/2019\/03\/Allison.jpg 1500w, https:\/\/universonerd.net\/portal\/wp-content\/uploads\/2019\/03\/Allison-300x200.jpg 300w, https:\/\/universonerd.net\/portal\/wp-content\/uploads\/2019\/03\/Allison-768x511.jpg 768w, https:\/\/universonerd.net\/portal\/wp-content\/uploads\/2019\/03\/Allison-1024x682.jpg 1024w\" sizes=\"(max-width: 1500px) 100vw, 1500px\" \/><\/figure>\n\n\n\n<p class=\"has-text-color has-very-dark-gray-color\"><strong>4) S\u00e9ance <\/strong>ou<strong> Klaus:<\/strong> possui uma certa morbidez e inseguran\u00e7a. Possui poderes de levita\u00e7\u00e3o, telecinese e consegue se comunicar com os mortos, por\u00e9m somente quando est\u00e1 descal\u00e7o. Faz uso de drogas e j\u00e1 foi morto uma vez, mas rejeitado tanto no C\u00e9u, quanto no Inferno.<\/p>\n\n\n\n<figure class=\"wp-block-image\"><img loading=\"lazy\" decoding=\"async\" width=\"1014\" height=\"570\" src=\"https:\/\/universonerd.net\/portal\/wp-content\/uploads\/2019\/03\/Klaus.jpg\" alt=\"\" class=\"wp-image-18736\" srcset=\"https:\/\/universonerd.net\/portal\/wp-content\/uploads\/2019\/03\/Klaus.jpg 1014w, https:\/\/universonerd.net\/portal\/wp-content\/uploads\/2019\/03\/Klaus-300x169.jpg 300w, https:\/\/universonerd.net\/portal\/wp-content\/uploads\/2019\/03\/Klaus-768x432.jpg 768w\" sizes=\"(max-width: 1014px) 100vw, 1014px\" \/><\/figure>\n\n\n\n<p class=\"has-text-color has-very-dark-gray-color\"><strong>5) The Boy:<\/strong> podemos dizer que este personagem tem 50 anos, mas est\u00e1 preso a um corpo de 10 anos. Isso porque ele viajou no tempo, ap\u00f3s discutir com seu pai adotivo, mesmo sendo alertado de que poderia nunca mais voltar. Ele passou v\u00e1rios anos tentando sair do mundo apocal\u00edptico em que viveu e quando conseguiu, seus irm\u00e3os j\u00e1 estavam beirando os 30 anos. Seu corpo n\u00e3o apresenta sinais de envelhecimento, ent\u00e3o ele \u201cestacionou\u201d no tempo. Age como adulto: fala palavr\u00e3o e \u00e9 viciado em caf\u00e9.<\/p>\n\n\n\n<p class=\"has-text-color has-very-dark-gray-color\">Este personagem \u00e9 bem interessante, pois possui o DNA dos melhores assassinos da hist\u00f3ria. Durante sua tentativa de retorno, trabalhou com os Temps Aeternalis (organiza\u00e7\u00e3o que assegura que tudo aconte\u00e7a da maneira que deve acontecer), com quem aprendeu a dar micro-pulos no tempo.<\/p>\n\n\n\n<figure class=\"wp-block-image\"><img loading=\"lazy\" decoding=\"async\" width=\"2700\" height=\"1800\" src=\"https:\/\/i1.wp.com\/universonerd.net\/portal\/wp-content\/uploads\/2019\/03\/The-boy.jpg?fit=789%2C526&amp;ssl=1\" alt=\"\" class=\"wp-image-18737\" srcset=\"https:\/\/universonerd.net\/portal\/wp-content\/uploads\/2019\/03\/The-boy.jpg 2700w, https:\/\/universonerd.net\/portal\/wp-content\/uploads\/2019\/03\/The-boy-300x200.jpg 300w, https:\/\/universonerd.net\/portal\/wp-content\/uploads\/2019\/03\/The-boy-768x512.jpg 768w, https:\/\/universonerd.net\/portal\/wp-content\/uploads\/2019\/03\/The-boy-1024x683.jpg 1024w\" sizes=\"(max-width: 2700px) 100vw, 2700px\" \/><figcaption>The Umbrella Academy<\/figcaption><\/figure>\n\n\n\n<p class=\"has-text-color has-very-dark-gray-color\"><strong>6) Horror <\/strong>ou <strong>Ben:<\/strong> \u00e9 um personagem que logo no in\u00edcio, j\u00e1 est\u00e1 morto. Possu\u00eddo por \u201cmonstros\u201d, suas apari\u00e7\u00f5es s\u00e3o marcadas com tent\u00e1culos aparecendo de seu \u201ctorso\u201d. A est\u00e1tua, na entrada da academia, \u00e9 em sua homenagem.<\/p>\n\n\n\n<figure class=\"wp-block-image\"><img loading=\"lazy\" decoding=\"async\" width=\"1200\" height=\"680\" src=\"https:\/\/i0.wp.com\/universonerd.net\/portal\/wp-content\/uploads\/2019\/03\/Ben.jpg?fit=789%2C447&amp;ssl=1\" alt=\"\" class=\"wp-image-18738\" srcset=\"https:\/\/universonerd.net\/portal\/wp-content\/uploads\/2019\/03\/Ben.jpg 1200w, https:\/\/universonerd.net\/portal\/wp-content\/uploads\/2019\/03\/Ben-300x170.jpg 300w, https:\/\/universonerd.net\/portal\/wp-content\/uploads\/2019\/03\/Ben-768x435.jpg 768w, https:\/\/universonerd.net\/portal\/wp-content\/uploads\/2019\/03\/Ben-1024x580.jpg 1024w, https:\/\/universonerd.net\/portal\/wp-content\/uploads\/2019\/03\/Ben-600x340.jpg 600w\" sizes=\"(max-width: 1200px) 100vw, 1200px\" \/><\/figure>\n\n\n\n<p class=\"has-text-color has-very-dark-gray-color\"><strong>7) Violino Branco<\/strong> ou <strong>Vanya:<\/strong> apesar de ser a personagem mais poderosa da Academia, tamb\u00e9m \u00e9 a mais distante. Conhecida pela sua paix\u00e3o pelo violino, um livro escrito por ela e tamb\u00e9m por ter se desligado da Academia, com o passar dos anos, por escolha pr\u00f3pria. Consegue emitir ondas poderos\u00edssimas, usando seu violino.<\/p>\n\n\n\n<figure class=\"wp-block-image\"><img loading=\"lazy\" decoding=\"async\" width=\"796\" height=\"647\" src=\"https:\/\/universonerd.net\/portal\/wp-content\/uploads\/2019\/03\/Vanya.jpg\" alt=\"\" class=\"wp-image-18739\" srcset=\"https:\/\/universonerd.net\/portal\/wp-content\/uploads\/2019\/03\/Vanya.jpg 796w, https:\/\/universonerd.net\/portal\/wp-content\/uploads\/2019\/03\/Vanya-300x244.jpg 300w, https:\/\/universonerd.net\/portal\/wp-content\/uploads\/2019\/03\/Vanya-768x624.jpg 768w\" sizes=\"(max-width: 796px) 100vw, 796px\" \/><\/figure>\n\n\n\n<p class=\"has-text-color has-very-dark-gray-color\"><strong>8) Mon\u00f3culo:<\/strong> o pai, Sir Reginald Hargreeves, \u00e9 um alien\u00edgena disfar\u00e7ado, que trouxe grandes mudan\u00e7as \u00e0 humanidade com suas inven\u00e7\u00f5es. Vencedor do pr\u00eamio Nobel por seu trabalho no aperfei\u00e7oamento cerebral de chimpanz\u00e9s, sempre foi muito duro e frio no treinamento das crian\u00e7as adotadas, causando m\u00e1goas e sendo lembrado como um pai horr\u00edvel.<\/p>\n\n\n\n<figure class=\"wp-block-image\"><img loading=\"lazy\" decoding=\"async\" width=\"738\" height=\"369\" src=\"https:\/\/universonerd.net\/portal\/wp-content\/uploads\/2019\/03\/Mon\u00f3culo.jpg\" alt=\"\" class=\"wp-image-18740\" srcset=\"https:\/\/universonerd.net\/portal\/wp-content\/uploads\/2019\/03\/Mon\u00f3culo.jpg 738w, https:\/\/universonerd.net\/portal\/wp-content\/uploads\/2019\/03\/Mon\u00f3culo-300x150.jpg 300w\" sizes=\"(max-width: 738px) 100vw, 738px\" \/><\/figure>\n\n\n\n<p class=\"has-text-color has-very-dark-gray-color\">Existem outros personagens mais irrelevantes,\ncomo o chimpanz\u00e9 falante Pogo, a \u201cm\u00e3e\u201d rob\u00f4, que \u00e9 uma figura similar \u00e0 esposa\ndo milion\u00e1rio, mais parecida com um manequim do que qualquer outra coisa, o\nInspetor Lupo, amigo da Umbrella Academy e muitos outros. <\/p>\n\n\n\n<p class=\"has-text-color has-very-dark-gray-color\">A 1\u00aa temporada da s\u00e9rie cont\u00e9m 10 epis\u00f3dios e encontra-se dispon\u00edvel na Netflix. N\u00e3o \u00e9 meu estilo de s\u00e9rie favorito, mas gostei do que vi. Recomendo a voc\u00eas que assistam. A segunda temporada ainda n\u00e3o foi confirmada, mas acredita-se que ser\u00e1 lan\u00e7ada no come\u00e7o de 2020. O que ser\u00e1 que estar\u00e1 reservado aos f\u00e3s?<\/p>\n\n\n\n<hr>\n\n\n\n<p><strong><em>Se voc\u00ea gostou deste artigo, n\u00e3o deixe de participar atrav\u00e9s de sugest\u00f5es, cr\u00edticas e\/ou d\u00favidas. Aproveitem para assinar o Blog, curtir a P\u00e1gina no Facebook, interagir no Grupo do Facebook, al\u00e9m de acompanhar publica\u00e7\u00f5es e ficar por dentro do Projeto Universo NERD, de sorteios, concursos e demais promo\u00e7\u00f5es.<\/em><\/strong><br><\/p>\n","protected":false},"excerpt":{"rendered":"<p>Ol\u00e1, Queridos Leitores. Nos \u00faltimos 15 dias, vi meu filho muito interessado em uma s\u00e9rie que chegou \u00e0 Netflix e acabei descobrindo que virou uma \u201cfebre\u201d. Eu diria que faz mais entre o p\u00fablico mais jovem, mas n\u00e3o vou generalizar. Estou falando da s\u00e9rie \u201cThe Umbrella Academy\u201d. Vamos conhec\u00ea-la? Cuidado! Prometo que tentarei n\u00e3o dar spoilers, mas se acontecer, me perdoem desde j\u00e1. The Umbrella Academy \u00e9 uma s\u00e9rie de televis\u00e3o americana, adaptada da s\u00e9rie de quadrinhos com o mesmo nome, criada por Gerard Way e o quadrinista brasileiro Gabriel B\u00e1, a qual foi publicada pela Dark Horse Comics. Aqui, no Brasil, foi publicada pela editora Devir. A s\u00e9rie de televis\u00e3o teve sua estreia em 15 de fevereiro de 2019, na Netflix. A hist\u00f3ria principal da s\u00e9rie The Umbrella Academy se passa em um mundo totalmente alternativo, onde o Presidente Kennedy n\u00e3o foi assassinado e claro, os fatos seguintes sofreram altera\u00e7\u00f5es por consequ\u00eancia. Em meio a um mundo ca\u00f3tico, no ano de 1989, 43 mulheres tiveram filhos sem, aparentemente, estarem gr\u00e1vidas, fato que chamou a aten\u00e7\u00e3o do milion\u00e1rio exc\u00eantrico Sir Reginald Hargreeves, o qual busca adotar todas elas ou o m\u00e1ximo delas que conseguir. Ele consegue adotar 7 dessas crian\u00e7as e come\u00e7a um treinamento para que elas estejam sempre aptas a passar por qualquer situa\u00e7\u00e3o, incluindo o combate ao crime e porque n\u00e3o, salvar o mundo se for preciso. &nbsp;Por\u00e9m, esse treinamento faz com que elas se tornem distantes da pr\u00f3pria fam\u00edlia e at\u00e9 mesmo uns dos outros, afastando-os por um longo per\u00edodo. O que os re\u00fane novamente \u00e9 o falecimento de seu pai, o milion\u00e1rio, por\u00e9m, as circunst\u00e2ncias de tal acontecimento s\u00e3o peculiares e misteriosas. O que essas crian\u00e7as, agora adultos, n\u00e3o esperavam \u00e9 o reaparecimento de um de seus irm\u00e3os, desaparecido h\u00e1 17 anos, que traz consigo a not\u00edcia de um inevit\u00e1vel apocalipse. Agora, eles se encontram em uma situa\u00e7\u00e3o a qual ser\u00e3o for\u00e7ados a enfrentarem suas diferen\u00e7as e trabalharem juntos. A s\u00e9rie \u00e9 cheia de emo\u00e7\u00f5es, desde o in\u00edcio, conflitos mal resolvidos ou n\u00e3o-resolvidos, traumas que voltam para assombrar a vida de nossos protagonistas, v\u00eam de encontro \u00e0 not\u00edcia do falecimento do patriarca da fam\u00edlia, fazendo com que as emo\u00e7\u00f5es fiquem \u00e0 flor da pele, afetando os acontecimentos no tempo e espa\u00e7o da hist\u00f3ria. Segue abaixo, o trailer oficial da s\u00e9rie. Est\u00e1 com o \u00e1udio original, sem legendas, mas muito simples de compreender. Olhem s\u00f3: A Cr\u00edtica A s\u00e9rie, apesar de premiada, recebeu duras cr\u00edticas. Seu come\u00e7o foi eletrizante, imperando o tom exc\u00eantrico de forma marcante, apresentando cada um dos irm\u00e3os, suas falhas e personalidades bem definidas, seus relacionamentos com o pai de forma individual e ao mesmo tempo o relacionamento &nbsp;o grupo, na pr\u00f3pria academia. Todos os personagens s\u00e3o \u201cfragmentados\u201d, com traumas de inf\u00e2ncia, com consequ\u00eancias causadas por seus super poderes. Somando isso a alguns elementos bizarros e extravagantes, como o macaco mordomo e a \u201cm\u00e3e\u201d que \u00e9 um rob\u00f4, fica clara a proposta extravagante da s\u00e9rie. Por\u00e9m, segundo alguns cr\u00edticos, conforme a temporada avan\u00e7a, a s\u00e9rie acaba caindo na mesmice convencional, com os personagens engessados uns aos outros e dessa forma, tornando alguns acontecimentos previs\u00edveis. Os personagens s\u00e3o ricos em peculiaridades a serem exploradas, por\u00e9m, a preocupa\u00e7\u00e3o da s\u00e9rie em focar no apocalipse inevit\u00e1vel, faz com que a abordagem sobre esses personagens seja feita de maneira rasa. A pr\u00f3pria atmosfera exc\u00eantrica e a profundidade dos superpoderes dos irm\u00e3os, poderiam levar ao acontecimento do apocalipse, por\u00e9m a s\u00e9rie seguiu um caminho mais seguro, ao inv\u00e9s de se arriscar em um desconhecido. Expectativas e frustra\u00e7\u00f5es a parte, a trilha sonora da s\u00e9rie encaixou muito bem com as mais variadas cenas, sejam elas eletrizantes ou n\u00e3o. Mesmo que \u00e0s vezes a cena em quest\u00e3o n\u00e3o seja t\u00e3o bem produzida, algumas se encaixaram perfeitamente com sua trilha, criando momentos inesquec\u00edveis. Personagens 1) Spaceboy ou Luther: possui uma super-for\u00e7a e \u00e9 o l\u00edder da equipe. Sempre sonhou em ir para o espa\u00e7o e, quando atingiu uma certa idade, seu pai realmente o envia para l\u00e1. Por\u00e9m, sofre um acidente que destr\u00f3i seu corpo e \u00e9 acoplado a um corpo de gorila. Possui uma fidelidade \u201cirritante\u201d ao pai. 2) Kraken ou Diego: rebelde e imprudente, pode prender a respira\u00e7\u00e3o por tempo indeterminado. Al\u00e9m disso, \u00e9 muito habilidoso com as facas. Possui uma certa rivalidade com Luther e uma certa paix\u00e3o escondida por sua irm\u00e3 adotiva, Vanya. 3) Rumor ou Allison: vaidosa ao extremo, consegue alterar a realidade ao mentir. Divorciada, m\u00e3e da pequena Claire que acaba ficando com o pai, ela tem uma forte liga\u00e7\u00e3o rom\u00e2ntica com seu irm\u00e3o adotivo, Luther. Por\u00e9m, nada \u00e9 consumado entre eles. Sua m\u00e3o esquerda \u00e9 cibern\u00e9tica, embora n\u00e3o pare\u00e7a. 4) S\u00e9ance ou Klaus: possui uma certa morbidez e inseguran\u00e7a. Possui poderes de levita\u00e7\u00e3o, telecinese e consegue se comunicar com os mortos, por\u00e9m somente quando est\u00e1 descal\u00e7o. Faz uso de drogas e j\u00e1 foi morto uma vez, mas rejeitado tanto no C\u00e9u, quanto no Inferno. 5) The Boy: podemos dizer que este personagem tem 50 anos, mas est\u00e1 preso a um corpo de 10 anos. Isso porque ele viajou no tempo, ap\u00f3s discutir com seu pai adotivo, mesmo sendo alertado de que poderia nunca mais voltar. Ele passou v\u00e1rios anos tentando sair do mundo apocal\u00edptico em que viveu e quando conseguiu, seus irm\u00e3os j\u00e1 estavam beirando os 30 anos. Seu corpo n\u00e3o apresenta sinais de envelhecimento, ent\u00e3o ele \u201cestacionou\u201d no tempo. Age como adulto: fala palavr\u00e3o e \u00e9 viciado em caf\u00e9. Este personagem \u00e9 bem interessante, pois possui o DNA dos melhores assassinos da hist\u00f3ria. Durante sua tentativa de retorno, trabalhou com os Temps Aeternalis (organiza\u00e7\u00e3o que assegura que tudo aconte\u00e7a da maneira que deve acontecer), com quem aprendeu a dar micro-pulos no tempo. 6) Horror ou Ben: \u00e9 um personagem que logo no in\u00edcio, j\u00e1 est\u00e1 morto. Possu\u00eddo por \u201cmonstros\u201d, suas apari\u00e7\u00f5es s\u00e3o marcadas com tent\u00e1culos aparecendo de seu \u201ctorso\u201d. A est\u00e1tua, na entrada da academia, \u00e9 em sua homenagem. 7) Violino Branco ou Vanya: apesar de ser a personagem mais poderosa da Academia,<\/p>\n","protected":false},"author":5,"featured_media":18730,"comment_status":"open","ping_status":"open","sticky":false,"template":"","format":"standard","meta":{"_monsterinsights_skip_tracking":false,"_monsterinsights_sitenote_active":false,"_monsterinsights_sitenote_note":"","_monsterinsights_sitenote_category":0,"footnotes":""},"categories":[45,46,1],"tags":[2213,1421,2211,697,2215,2210,2212,2216,2209,2220],"class_list":["post-18728","post","type-post","status-publish","format-standard","has-post-thumbnail","hentry","category-filme-serie","category-livro-hq","category-todascategorias","tag-diego","tag-kraken","tag-luther","tag-netflix","tag-seance","tag-sir-reginald-hargreeves","tag-spaceboy","tag-the-boy","tag-the-umbrella-academy","tag-violino-branco"],"_links":{"self":[{"href":"https:\/\/universonerd.net\/portal\/wp-json\/wp\/v2\/posts\/18728","targetHints":{"allow":["GET"]}}],"collection":[{"href":"https:\/\/universonerd.net\/portal\/wp-json\/wp\/v2\/posts"}],"about":[{"href":"https:\/\/universonerd.net\/portal\/wp-json\/wp\/v2\/types\/post"}],"author":[{"embeddable":true,"href":"https:\/\/universonerd.net\/portal\/wp-json\/wp\/v2\/users\/5"}],"replies":[{"embeddable":true,"href":"https:\/\/universonerd.net\/portal\/wp-json\/wp\/v2\/comments?post=18728"}],"version-history":[{"count":0,"href":"https:\/\/universonerd.net\/portal\/wp-json\/wp\/v2\/posts\/18728\/revisions"}],"wp:featuredmedia":[{"embeddable":true,"href":"https:\/\/universonerd.net\/portal\/wp-json\/wp\/v2\/media\/18730"}],"wp:attachment":[{"href":"https:\/\/universonerd.net\/portal\/wp-json\/wp\/v2\/media?parent=18728"}],"wp:term":[{"taxonomy":"category","embeddable":true,"href":"https:\/\/universonerd.net\/portal\/wp-json\/wp\/v2\/categories?post=18728"},{"taxonomy":"post_tag","embeddable":true,"href":"https:\/\/universonerd.net\/portal\/wp-json\/wp\/v2\/tags?post=18728"}],"curies":[{"name":"wp","href":"https:\/\/api.w.org\/{rel}","templated":true}]}}