{"id":17606,"date":"2018-11-25T18:16:59","date_gmt":"2018-11-25T20:16:59","guid":{"rendered":"https:\/\/universonerd.net\/portal\/?p=17606"},"modified":"2018-11-25T18:16:59","modified_gmt":"2018-11-25T20:16:59","slug":"voce-conhece-a-emergent-literacy","status":"publish","type":"post","link":"https:\/\/universonerd.net\/portal\/voce-conhece-a-emergent-literacy\/","title":{"rendered":"Voc\u00ea Conhece A Emergent Literacy?"},"content":{"rendered":"<p><span style=\"color: #000000; font-family: georgia,palatino,serif;\">Ol\u00e1, queridos leitores. Voc\u00eas j\u00e1 ouviram falar sobre Emergent Literacy? O nosso assunto de hoje \u00e9 justamente sobre isso, um tema bem presente, mas que poucas pessoas abordam. Vamos l\u00e1?<\/span><\/p>\n<p><span style=\"color: #000000; font-family: georgia,palatino,serif;\"><strong>Emergent Literacy<\/strong> ou <strong>Alfabetiza\u00e7\u00e3o Emergente<\/strong> \u00e9 o processo que come\u00e7a no nascimento da crian\u00e7a, com o adquirir de base para o desenvolvimento da leitura e da escrita. \u00c9 importante saber que ambos, tanto a Emergent Literacy quanto a pr\u00f3pria alfabetiza\u00e7\u00e3o, se desenvolvem a partir da viv\u00eancia com intera\u00e7\u00f5es mais complexas, como a leitura, escrita, fala e escuta em conjunto com as expectativas e cren\u00e7as associadas. <\/span><\/p>\n<p><span style=\"color: #000000; font-family: georgia,palatino,serif;\">Nesse contexto, crian\u00e7as com defici\u00eancia, em especial visual grave ou m\u00faltiplas, na maioria das vezes ter\u00e3o menos oportunidades de adquirir e desenvolver habilidades que levem ao processo de alfabetiza\u00e7\u00e3o, consequentemente \u00e0 leitura e escrita. <\/span><span style=\"color: #000000; font-family: georgia,palatino,serif;\">S\u00f3 para deixar claro, antes de continuar:<\/span><\/p>\n<p><a href=\"https:\/\/universonerd.net\/portal\/wp-content\/uploads\/2018\/11\/Figura-2.jpg\"><img fetchpriority=\"high\" decoding=\"async\" class=\"aligncenter wp-image-17609 size-full\" src=\"https:\/\/universonerd.net\/portal\/wp-content\/uploads\/2018\/11\/Figura-2.jpg\" alt=\"\" width=\"1280\" height=\"720\" srcset=\"https:\/\/universonerd.net\/portal\/wp-content\/uploads\/2018\/11\/Figura-2.jpg 1280w, https:\/\/universonerd.net\/portal\/wp-content\/uploads\/2018\/11\/Figura-2-300x169.jpg 300w, https:\/\/universonerd.net\/portal\/wp-content\/uploads\/2018\/11\/Figura-2-768x432.jpg 768w, https:\/\/universonerd.net\/portal\/wp-content\/uploads\/2018\/11\/Figura-2-1024x576.jpg 1024w\" sizes=\"(max-width: 1280px) 100vw, 1280px\" \/><\/a><\/p>\n<h4><strong><span style=\"color: #000000; font-family: georgia,palatino,serif;\">Ent\u00e3o, partindo desse princ\u00edpio, o indiv\u00edduo alfabetizado, n\u00e3o necessariamente \u00e9 letrado. Compreendem a diferen\u00e7a?<\/span><\/strong><\/h4>\n<p><span style=\"color: #000000; font-family: georgia,palatino,serif;\">Ent\u00e3o, porque a Alfabetiza\u00e7\u00e3o Emergente \u00e9 t\u00e3o importante e vem sendo divulgada e praticada por algumas institui\u00e7\u00f5es? Muitas institui\u00e7\u00f5es t\u00eam defendido a ideia de que o correto \u00e9 alfabetizar letrando. N\u00e3o tem nada a ver com sobrecarga de est\u00edmulos e nem com o fato de pular etapas. <\/span><\/p>\n<p><span style=\"color: #000000; font-family: georgia,palatino,serif;\">O fato \u00e9 que desde o dia do nascimento, a crian\u00e7a absorve tudo que est\u00e1 \u00e0 sua volta. Dessa forma, introduzindo formas e cores, mesmo que naquele momento n\u00e3o signifique nada, ao chegar a fase de alfabetiza\u00e7\u00e3o, essas informa\u00e7\u00f5es apresentadas far\u00e3o todo o sentido. <\/span><\/p>\n<p><span style=\"color: #000000; font-family: georgia,palatino,serif;\">Diferente de uma crian\u00e7a que n\u00e3o teve esse contato e simplesmente entrou na fase de alfabetiza\u00e7\u00e3o direto. As letras e formas passar\u00e3o a ser c\u00f3digos com som e sentido apresentados, mas os quais ela sentir\u00e1 uma dificuldade muito grande de compreender e adaptar nos mais variados g\u00eaneros apresentados.<\/span><\/p>\n<blockquote><p><span style=\"color: #000000; font-family: georgia,palatino,serif;\"><em><strong>Veja, o que estou falando n\u00e3o tem nada a ver com colocar a crian\u00e7a na escola logo que nasce. Infelizmente, \u00e9 uma realidade para a maioria dos pais hoje que precisam sair e trabalhar para garantir uma determinada qualidade de vida. Para esses, a escola \u00e9 uma alternativa quando os filhos ainda s\u00e3o beb\u00eas. Mas, essa \u00e9 uma pr\u00e1tica que pode ser come\u00e7ada em casa, quando ainda s\u00e3o beb\u00eas.<\/strong><\/em><\/span><\/p><\/blockquote>\n<p><span style=\"color: #000000; font-family: georgia,palatino,serif;\">Segundo a organiza\u00e7\u00e3o<strong> Save The Children<\/strong>, cujo objetivo \u00e9 dar \u00e0s crian\u00e7as uma condi\u00e7\u00e3o saud\u00e1vel e digna de vida, oportunidade de aprendizado e prote\u00e7\u00e3o contra danos, um aspecto cr\u00edtico da alfabetiza\u00e7\u00e3o emergente, n\u00e3o impl\u00edcito nas \u00e1reas de conhecimento descritas acima, \u00e9 a atitude em rela\u00e7\u00e3o \u00e0 leitura e \u00e0 escrita que a crian\u00e7a adquire nos primeiros anos, ao interagir com meios externos, como linguagem, livros e m\u00eddia impressa.<\/span><\/p>\n<p><span style=\"color: #000000; font-family: georgia,palatino,serif;\">A abordagem de alfabetiza\u00e7\u00e3o emergente da organiza\u00e7\u00e3o <strong>Save The Children<\/strong>, d\u00e1 um destaque especial \u00e0 fluidez, entre todas as habilidades da alfabetiza\u00e7\u00e3o. Por\u00e9m, a organiza\u00e7\u00e3o se concentra em cinco \u00e1reas que fazem parte da constru\u00e7\u00e3o de conhecimento da alfabetiza\u00e7\u00e3o emergente:<\/span><\/p>\n<ul>\n<li><span style=\"color: #000000; font-family: georgia,palatino,serif;\">Linguagem Oral: habilidade da crian\u00e7a em entender e usar a linguagem atrav\u00e9s da leitura;<\/span><\/li>\n<li><span style=\"color: #000000; font-family: georgia,palatino,serif;\">Compreens\u00e3o da Escrita: compreens\u00e3o dos s\u00edmbolos da escrita e dos textos, relacionando seus significados;<\/span><\/li>\n<li><span style=\"color: #000000; font-family: georgia,palatino,serif;\">Conhecimento da Leitura: compreens\u00e3o da crian\u00e7a do que \u00e9 o material de leitura e como \u00e9 para ser usado;<\/span><\/li>\n<li><span style=\"color: #000000; font-family: georgia,palatino,serif;\">Conhecimento do Alfabeto: habilidade da crian\u00e7a em identificar e dizer o nome das letras do alfabeto. Esta habilidade prepara o caminho para a consci\u00eancia fonol\u00f3gica e <\/span><\/li>\n<li><span style=\"color: #000000; font-family: georgia,palatino,serif;\">Consci\u00eancia Fonol\u00f3gica: habilidade da crian\u00e7a em identificar e manipular os sons, compreendendo que aqueles sons s\u00e3o combinados para criarem palavras. <\/span><\/li>\n<\/ul>\n<p><span style=\"color: #000000; font-family: georgia,palatino,serif;\">Como j\u00e1 falei aqui, em diversos artigos, assim como muitos especialistas j\u00e1 escreveram ou falaram sobre, o setor educacional p\u00fablico pode e deve investir nessa quest\u00e3o, uma vez que as dificuldade iniciais de leitura influenciam gravemente e negativamente, \u00e0 longo prazo, sobre a situa\u00e7\u00e3o social, educacional e econ\u00f4mica dos cidad\u00e3os, consequentemente, do pa\u00eds. Infelizmente, para muitas crian\u00e7as, esse fato \u00e9 determinado muito antes de passarem pelas portas da escola.<\/span><\/p>\n<p><span style=\"color: #000000; font-family: georgia,palatino,serif;\">\u00a0Quem quiser conhecer mais sobre o assunto e sobre o trabalho da organiza\u00e7\u00e3o <a style=\"color: #000000;\" href=\"https:\/\/www.savethechildren.org\/content\/dam\/global\/reports\/education-and-child-protection\/edu-elm-13.pdf\" target=\"_blank\" rel=\"noopener\">Save The Children<\/a>, acesse o site oficial, clicando sobre o nome da organiza\u00e7\u00e3o, o qual foi a fonte de pesquisa deste artigo.<\/span><\/p>\n<p><span style=\"color: #000000; font-family: georgia,palatino,serif;\">\u00a0At\u00e9 a pr\u00f3xima!<\/span><\/p>\n<p><b>________________________________________________________________________<\/b><\/p>\n<p><i><b>Se voc\u00ea gostou deste artigo, n\u00e3o deixe de participar atrav\u00e9s de sugest\u00f5es, cr\u00edticas e\/ou d\u00favidas. <\/b><\/i><i><b>Aproveitem para assinar o Blog, curtir a <\/b><\/i><i><b><a href=\"http:\/\/facebook.com\/universonerd.net\" target=\"_blank\" rel=\"noopener noreferrer\">P\u00e1gina no Facebook<\/a><\/b><\/i><i><b>, interagir no <\/b><\/i><i><b><a href=\"https:\/\/www.facebook.com\/groups\/1285723958213451\/\" target=\"_blank\" rel=\"noopener noreferrer\">Grupo do Facebook<\/a><\/b><\/i><i><b>, al\u00e9m de acompanhar publica\u00e7\u00f5es e ficar por dentro do Projeto Universo NERD, de sorteios, concursos e demais promo\u00e7\u00f5es.<\/b><\/i><\/p>\n<p><span style=\"color: #ffffff;\">&lt; x &gt;<\/span><\/p>\n","protected":false},"excerpt":{"rendered":"<p>Ol\u00e1, queridos leitores. Voc\u00eas j\u00e1 ouviram falar sobre Emergent Literacy? O nosso assunto de hoje \u00e9 justamente sobre isso, um tema bem presente, mas que poucas pessoas abordam. Vamos l\u00e1? Emergent Literacy ou Alfabetiza\u00e7\u00e3o Emergente \u00e9 o processo que come\u00e7a no nascimento da crian\u00e7a, com o adquirir de base para o desenvolvimento da leitura e da escrita. \u00c9 importante saber que ambos, tanto a Emergent Literacy quanto a pr\u00f3pria alfabetiza\u00e7\u00e3o, se desenvolvem a partir da viv\u00eancia com intera\u00e7\u00f5es mais complexas, como a leitura, escrita, fala e escuta em conjunto com as expectativas e cren\u00e7as associadas. Nesse contexto, crian\u00e7as com defici\u00eancia, em especial visual grave ou m\u00faltiplas, na maioria das vezes ter\u00e3o menos oportunidades de adquirir e desenvolver habilidades que levem ao processo de alfabetiza\u00e7\u00e3o, consequentemente \u00e0 leitura e escrita. S\u00f3 para deixar claro, antes de continuar: Ent\u00e3o, partindo desse princ\u00edpio, o indiv\u00edduo alfabetizado, n\u00e3o necessariamente \u00e9 letrado. Compreendem a diferen\u00e7a? Ent\u00e3o, porque a Alfabetiza\u00e7\u00e3o Emergente \u00e9 t\u00e3o importante e vem sendo divulgada e praticada por algumas institui\u00e7\u00f5es? Muitas institui\u00e7\u00f5es t\u00eam defendido a ideia de que o correto \u00e9 alfabetizar letrando. N\u00e3o tem nada a ver com sobrecarga de est\u00edmulos e nem com o fato de pular etapas. O fato \u00e9 que desde o dia do nascimento, a crian\u00e7a absorve tudo que est\u00e1 \u00e0 sua volta. Dessa forma, introduzindo formas e cores, mesmo que naquele momento n\u00e3o signifique nada, ao chegar a fase de alfabetiza\u00e7\u00e3o, essas informa\u00e7\u00f5es apresentadas far\u00e3o todo o sentido. Diferente de uma crian\u00e7a que n\u00e3o teve esse contato e simplesmente entrou na fase de alfabetiza\u00e7\u00e3o direto. As letras e formas passar\u00e3o a ser c\u00f3digos com som e sentido apresentados, mas os quais ela sentir\u00e1 uma dificuldade muito grande de compreender e adaptar nos mais variados g\u00eaneros apresentados. Veja, o que estou falando n\u00e3o tem nada a ver com colocar a crian\u00e7a na escola logo que nasce. Infelizmente, \u00e9 uma realidade para a maioria dos pais hoje que precisam sair e trabalhar para garantir uma determinada qualidade de vida. Para esses, a escola \u00e9 uma alternativa quando os filhos ainda s\u00e3o beb\u00eas. Mas, essa \u00e9 uma pr\u00e1tica que pode ser come\u00e7ada em casa, quando ainda s\u00e3o beb\u00eas. Segundo a organiza\u00e7\u00e3o Save The Children, cujo objetivo \u00e9 dar \u00e0s crian\u00e7as uma condi\u00e7\u00e3o saud\u00e1vel e digna de vida, oportunidade de aprendizado e prote\u00e7\u00e3o contra danos, um aspecto cr\u00edtico da alfabetiza\u00e7\u00e3o emergente, n\u00e3o impl\u00edcito nas \u00e1reas de conhecimento descritas acima, \u00e9 a atitude em rela\u00e7\u00e3o \u00e0 leitura e \u00e0 escrita que a crian\u00e7a adquire nos primeiros anos, ao interagir com meios externos, como linguagem, livros e m\u00eddia impressa. A abordagem de alfabetiza\u00e7\u00e3o emergente da organiza\u00e7\u00e3o Save The Children, d\u00e1 um destaque especial \u00e0 fluidez, entre todas as habilidades da alfabetiza\u00e7\u00e3o. Por\u00e9m, a organiza\u00e7\u00e3o se concentra em cinco \u00e1reas que fazem parte da constru\u00e7\u00e3o de conhecimento da alfabetiza\u00e7\u00e3o emergente: Linguagem Oral: habilidade da crian\u00e7a em entender e usar a linguagem atrav\u00e9s da leitura; Compreens\u00e3o da Escrita: compreens\u00e3o dos s\u00edmbolos da escrita e dos textos, relacionando seus significados; Conhecimento da Leitura: compreens\u00e3o da crian\u00e7a do que \u00e9 o material de leitura e como \u00e9 para ser usado; Conhecimento do Alfabeto: habilidade da crian\u00e7a em identificar e dizer o nome das letras do alfabeto. Esta habilidade prepara o caminho para a consci\u00eancia fonol\u00f3gica e Consci\u00eancia Fonol\u00f3gica: habilidade da crian\u00e7a em identificar e manipular os sons, compreendendo que aqueles sons s\u00e3o combinados para criarem palavras. Como j\u00e1 falei aqui, em diversos artigos, assim como muitos especialistas j\u00e1 escreveram ou falaram sobre, o setor educacional p\u00fablico pode e deve investir nessa quest\u00e3o, uma vez que as dificuldade iniciais de leitura influenciam gravemente e negativamente, \u00e0 longo prazo, sobre a situa\u00e7\u00e3o social, educacional e econ\u00f4mica dos cidad\u00e3os, consequentemente, do pa\u00eds. Infelizmente, para muitas crian\u00e7as, esse fato \u00e9 determinado muito antes de passarem pelas portas da escola. \u00a0Quem quiser conhecer mais sobre o assunto e sobre o trabalho da organiza\u00e7\u00e3o Save The Children, acesse o site oficial, clicando sobre o nome da organiza\u00e7\u00e3o, o qual foi a fonte de pesquisa deste artigo. \u00a0At\u00e9 a pr\u00f3xima! ________________________________________________________________________ Se voc\u00ea gostou deste artigo, n\u00e3o deixe de participar atrav\u00e9s de sugest\u00f5es, cr\u00edticas e\/ou d\u00favidas. Aproveitem para assinar o Blog, curtir a P\u00e1gina no Facebook, interagir no Grupo do Facebook, al\u00e9m de acompanhar publica\u00e7\u00f5es e ficar por dentro do Projeto Universo NERD, de sorteios, concursos e demais promo\u00e7\u00f5es. &lt; x &gt;<\/p>\n","protected":false},"author":5,"featured_media":17607,"comment_status":"open","ping_status":"open","sticky":false,"template":"","format":"standard","meta":{"_monsterinsights_skip_tracking":false,"_monsterinsights_sitenote_active":false,"_monsterinsights_sitenote_note":"","_monsterinsights_sitenote_category":0,"footnotes":""},"categories":[16,1],"tags":[1541,1995,1992,1994,1993],"class_list":["post-17606","post","type-post","status-publish","format-standard","has-post-thumbnail","hentry","category-educacao-steam","category-todascategorias","tag-alfabetizacao","tag-consciencia-fonologica","tag-emergent-literacy","tag-linguagem-oral","tag-save-the-children"],"_links":{"self":[{"href":"https:\/\/universonerd.net\/portal\/wp-json\/wp\/v2\/posts\/17606","targetHints":{"allow":["GET"]}}],"collection":[{"href":"https:\/\/universonerd.net\/portal\/wp-json\/wp\/v2\/posts"}],"about":[{"href":"https:\/\/universonerd.net\/portal\/wp-json\/wp\/v2\/types\/post"}],"author":[{"embeddable":true,"href":"https:\/\/universonerd.net\/portal\/wp-json\/wp\/v2\/users\/5"}],"replies":[{"embeddable":true,"href":"https:\/\/universonerd.net\/portal\/wp-json\/wp\/v2\/comments?post=17606"}],"version-history":[{"count":0,"href":"https:\/\/universonerd.net\/portal\/wp-json\/wp\/v2\/posts\/17606\/revisions"}],"wp:featuredmedia":[{"embeddable":true,"href":"https:\/\/universonerd.net\/portal\/wp-json\/wp\/v2\/media\/17607"}],"wp:attachment":[{"href":"https:\/\/universonerd.net\/portal\/wp-json\/wp\/v2\/media?parent=17606"}],"wp:term":[{"taxonomy":"category","embeddable":true,"href":"https:\/\/universonerd.net\/portal\/wp-json\/wp\/v2\/categories?post=17606"},{"taxonomy":"post_tag","embeddable":true,"href":"https:\/\/universonerd.net\/portal\/wp-json\/wp\/v2\/tags?post=17606"}],"curies":[{"name":"wp","href":"https:\/\/api.w.org\/{rel}","templated":true}]}}