{"id":14716,"date":"2018-05-13T10:41:41","date_gmt":"2018-05-13T13:41:41","guid":{"rendered":"http:\/\/universonerd.net\/portal\/?p=14716"},"modified":"2018-05-13T10:41:41","modified_gmt":"2018-05-13T13:41:41","slug":"dia-das-maes-um-pouco-da-sua-historia","status":"publish","type":"post","link":"https:\/\/universonerd.net\/portal\/dia-das-maes-um-pouco-da-sua-historia\/","title":{"rendered":"Dia Das M\u00e3es: Um Pouco Da Sua Hist\u00f3ria"},"content":{"rendered":"<p>A data que conhecemos como <strong>Dia das M\u00e3es<\/strong> \u00e9 um feriado em homenagem \u00e0 maternidade o qual \u00e9 tratado de diferentes formas em todo o mundo e este dia especial de 2018 ocorre hoje, 13 de Maio, em diversos pa\u00edses. A encarna\u00e7\u00e3o americanizada do Dia das M\u00e3es foi criada por <strong>Anna Jarvis<\/strong> em 1908 e tornou-se um feriado oficial dos EUA em 1914. Jarvis mais tarde denunciou a <strong>comercializa\u00e7\u00e3o<\/strong> do feriado e passou a \u00faltima parte de sua vida tentando remov\u00ea-lo do calend\u00e1rio. E \u00e9 um pouco desta hist\u00f3ria que trago a voc\u00eas neste artigo!<\/p>\n<blockquote><p><strong><em>Embora as datas e comemora\u00e7\u00f5es variem no mundo, o Dia das M\u00e3es tradicionalmente envolve a apresenta\u00e7\u00e3o de m\u00e3es com flores, cart\u00f5es e outros presentes de uma forma parecida.<\/em><\/strong><\/p><\/blockquote>\n<h3>Um pouco da origem do Dia das M\u00e3es<\/h3>\n<p>As celebra\u00e7\u00f5es de m\u00e3es e maternidades remontam aos antigos gregos e romanos, que realizavam festivais em honra das deusas m\u00e3es <strong>Rhea<\/strong> e <strong>Cybele. Entretanto, <\/strong>o mais claro precedente moderno para o Dia das M\u00e3es \u00e9 o <strong>festival crist\u00e3o<\/strong> antigo conhecido como &#8220;<strong>Domingo Materno<\/strong>&#8220;.<\/p>\n<p>Sendo uma grande tradi\u00e7\u00e3o no Reino Unido e partes da Europa, esta celebra\u00e7\u00e3o caiu no quarto domingo da Quaresma e foi originalmente vista como uma \u00e9poca em que os fi\u00e9is retornariam \u00e0 sua \u201cigreja m\u00e3e\u201d (a igreja principal nas proximidades de sua casa) para um servi\u00e7o especial.<\/p>\n<p><span lang=\"PT\">Com o passar do tempo, a tradi\u00e7\u00e3o do domingo materno mudou para um feriado mais secular e as crian\u00e7as apresentavam suas m\u00e3es com flores e outros sinais de aprecia\u00e7\u00e3o. Este costume acabou por perder popularidade antes de se fundir com o Dia das M\u00e3es americano entre os anos 1930 e 1940.<\/span><\/p>\n<blockquote><p><strong><em>Saiba que mais chamadas telef\u00f4nicas s\u00e3o feitas no Dia das M\u00e3es do que em qualquer outro dia do ano. Esses bate-papos com a mam\u00e3e costumam fazer com que o tr\u00e1fego telef\u00f4nico aumente em at\u00e9 40%.<\/em><\/strong><\/p><\/blockquote>\n<h4>Come\u00e7ando com Ann Reeves Jarvis e indo at\u00e9 Frank Hering<\/h4>\n<p><span lang=\"PT\">As origens do Dia das M\u00e3es, celebradas nos Estados Unidos da America, datam do s\u00e9culo XIX. Nos anos que antecederam a Guerra Civil, <strong>Ann Reeves Jarvis<\/strong>, da Virg\u00ednia Ocidental, ajudou a iniciar os \u201cClubes de Trabalho do Dia das M\u00e3es\u201d para ensinar as mulheres locais a cuidar adequadamente de seus filhos.<\/span><\/p>\n<p><span lang=\"PT\">Esses clubes ,mais tarde, se tornaram uma for\u00e7a unificadora em uma regi\u00e3o do pa\u00eds ainda dividida durante a Guerra Civil. Em 1868, Jarvis organizou o \u201cDia da Amizade das M\u00e3es\u201d, no qual as m\u00e3es se reuniram com ex-soldados da Uni\u00e3o e da Confedera\u00e7\u00e3o para promover a reconcilia\u00e7\u00e3o.<\/span><\/p>\n<p><span lang=\"PT\">Outro precursor do Dia das M\u00e3es veio da abolicionista <strong>Julia Ward Howe<\/strong>. Em 1870, Howe escreveu a &#8220;Proclama\u00e7\u00e3o do Dia das M\u00e3es&#8221;, uma chamada \u00e0 a\u00e7\u00e3o que pedia \u00e0s m\u00e3es que se unissem na promo\u00e7\u00e3o da paz mundial. Em 1873, fez campanha para que o \u201cDia da Paz da M\u00e3e\u201d fosse celebrado todo dia 2 de junho.<\/span><\/p>\n<p>Outros pioneiros do Dia das M\u00e3es incluem<strong> Juliet Calhoun Blakely<\/strong>, ativista da temperan\u00e7a que inspirou um Dia das M\u00e3es local em Albion, Michigan, na d\u00e9cada de 1870. A dupla <strong>Mary Towles Sasseen<\/strong> e <strong>Frank Hering<\/strong>, que por sua vez, trabalharam para organizar um Dia das M\u00e3es no final do s\u00e9culo XIX e in\u00edcio do s\u00e9culo XX.<\/p>\n<blockquote><p><strong><em>Alguns at\u00e9 chamaram Hering de \u201co pai do dia das m\u00e3es!<\/em><\/strong><\/p><\/blockquote>\n<h4>Agora com Anna Jarvis e John Wanamaker<\/h4>\n<p>O feriado oficial do Dia das M\u00e3es surgiu em 1900, como resultado dos esfor\u00e7os de <strong>Anna Jarvis<\/strong>, filha de Ann Reeves Jarvis. Ap\u00f3s a morte de sua m\u00e3e em 1905, Anna Jarvis concebeu o Dia das M\u00e3es como uma forma de honrar os sacrif\u00edcios que as m\u00e3es fizeram por seus filhos. E desde ent\u00e3o?<\/p>\n<p>Depois de obter apoio financeiro de um dono de uma loja de departamentos da Filad\u00e9lfia, <strong>John Wanamaker<\/strong>, em maio de 1908, Jarvis organizou a <strong>primeira celebra\u00e7\u00e3o oficial<\/strong> do Dia das M\u00e3es em uma igreja metodista em Grafton, Virg\u00ednia Ocidental. A partir deste evento, podemos dizer que &#8220;naceu&#8221; o Dia das M\u00e3es.<\/p>\n<blockquote><p><strong><em>Nesse mesmo dia, milhares de pessoas participaram de um evento do Dia das M\u00e3es em uma das principais lojas de varejo da rede Wanamaker, na Filad\u00e9lfia.<\/em><\/strong><\/p><\/blockquote>\n<p>Ap\u00f3s o sucesso de seu primeiro Dia das M\u00e3es, Jarvis (que permaneceu solteira e sem filhos durante toda a vida) viu a data ser adicionada ao calend\u00e1rio nacional. Argumentando que os feriados americanos eram tendenciosos em rela\u00e7\u00e3o \u00e0s realiza\u00e7\u00f5es masculinas, come\u00e7ou uma enorme campanha de cartas para jornais e pol\u00edticos pedindo a ado\u00e7\u00e3o de um dia especial em homenagem \u00e0 maternidade.<\/p>\n<p>Em 1912, muitos estados, cidades e igrejas haviam adotado o Dia das M\u00e3es como um feriado anual e Jarvis havia estabelecido a Associa\u00e7\u00e3o Internacional do Dia das M\u00e3es para ajudar a promover sua causa.<\/p>\n<blockquote><p><strong><em>Sua persist\u00eancia valeu a pena em 1914, quando o presidente Woodrow Wilson assinou uma medida estabelecendo oficialmente o segundo domingo de maio como o Dia das M\u00e3es.<\/em><\/strong><\/p><\/blockquote>\n<h4>Jarvis Decries e a comercializa\u00e7\u00e3o do Dia das M\u00e3es<\/h4>\n<p>Anna Jarvis concebera originalmente o Dia das M\u00e3es como um dia de celebra\u00e7\u00e3o pessoal entre m\u00e3es e fam\u00edlias. Sua vers\u00e3o do dia envolvia usar um cravo branco como distintivo e visitar a m\u00e3e ou assistir aos cultos da igreja. Mas uma vez que o Dia das M\u00e3es se tornou um feriado nacional, n\u00e3o demorou muito para que floristas, empresas de cart\u00f5es e outros comerciantes capitalizassem sua popularidade.<\/p>\n<p>Embora Jarvis tenha inicialmente trabalhado com a ind\u00fastria de flores para ajudar a criar o perfil do Dia das M\u00e3es, em 1920 ela ficou repugnada com a forma como o feriado estava sendo comercializadas. Ela externamente denunciou a transforma\u00e7\u00e3o e pediu que as pessoas parassem de comprar flores, cart\u00f5es e doces no Dia das M\u00e3es. Mas infelizmente \u00e9 o que acontece com grandes celebra\u00e7\u00f5es.<\/p>\n<p>Jarvis acabou recorrendo \u00e0 uma campanha aberta contra os especuladores, falando contra confeiteiros, floristas e at\u00e9 com institui\u00e7\u00f5es de caridade. Ela tamb\u00e9m lan\u00e7ou in\u00fameras a\u00e7\u00f5es contra grupos que usaram o nome \u201cDia das M\u00e3es\u201d, eventualmente gastando a maior parte de sua fortuna pessoal em honor\u00e1rios legais<em>.<\/em><\/p>\n<blockquote><p><strong><em>Na \u00e9poca de sua morte, em 1948, Jarvis havia repudiado completamente o feriado e at\u00e9 mesmo pressionado ativamente o governo a v\u00ea-lo removido do calend\u00e1rio americano.<\/em><\/strong><\/p><\/blockquote>\n<h4>O Dia das M\u00e3es ao redor do Mundo<\/h4>\n<p>Embora as vers\u00f5es do Dia das M\u00e3es sejam comemoradas em todo o mundo, as tradi\u00e7\u00f5es variam bastante. Na Tail\u00e2ndia, por exemplo, o Dia das M\u00e3es \u00e9 sempre comemorado em agosto no anivers\u00e1rio da rainha.<\/p>\n<p>Outra observa\u00e7\u00e3o alternativa do Dia das M\u00e3es pode ser encontrada na Eti\u00f3pia, onde as fam\u00edlias se re\u00fanem a cada outono para cantar can\u00e7\u00f5es e celebrar uma grande festa como parte do Antrosht, uma celebra\u00e7\u00e3o de v\u00e1rios dias em homenagem \u00e0 maternidade. Interessante, n\u00e3o \u00e9 mesmo?<\/p>\n<p>Nos EUA e em muitos outros pa\u00edses, como o Brasil, o Dia das M\u00e3es \u00e9 comemorado com a homenagem das m\u00e3es e outras mulheres com presentes e flores e se tornou um dos maiores feriados para os consumidores.<\/p>\n<blockquote><p><strong><em>As fam\u00edlias tamb\u00e9m celebram dando \u00e0s m\u00e3es um dia de folga das atividades rotineiras do dia a dia de uma fam\u00edlia, como cozinhar ou outras tarefas dom\u00e9sticas.<\/em><\/strong><\/p><\/blockquote>\n<h4>Para finalizar e curtir a mam\u00e3e<\/h4>\n<p>\u00c0s vezes, o Dia das M\u00e3es tamb\u00e9m \u00e9 uma data para o lan\u00e7amento de causas pol\u00edticas ou feministas. Em 1968, <strong>Coretta Scott King<\/strong>, esposa de <strong>Martin Luther King Jr.<\/strong>, usou o Dia das M\u00e3es para promover uma marcha em favor de mulheres e crian\u00e7as carentes. Nos anos 1970, as mulheres tamb\u00e9m usaram o feriado como um momento para destacar a necessidade de direitos iguais e acesso \u00e0 creches.<\/p>\n<p>\u00c9 l\u00f3gico que a hist\u00f3ria sobre a origem do Dia das M\u00e3es \u00e9 bem mais abrangente, mas a ideia foi trazer um resumo organizado para nossos leitores conhecerem os pontos mais importantes e que originaram essa data especial na hist\u00f3ria da humanidade. Agora, vamos curtir esse domingo especial com as mam\u00e3es da sua fam\u00edlia e celebrar essa que \u00e9 a d\u00e1diva mais importante do ser humano.<\/p>\n<p>Feliz Dia das M\u00e3es!<\/p>\n<p><b>_________________________________________________<\/b><\/p>\n<p><i><b>Se voc\u00ea gostou deste artigo, n\u00e3o deixe de participar atrav\u00e9s de sugest\u00f5es, cr\u00edticas e\/ou d\u00favidas. <\/b><\/i><i><b>Aproveitem para assinar o Blog, curtir a <\/b><\/i><i><b><a href=\"http:\/\/facebook.com\/universonerd.net\" target=\"_blank\" rel=\"noopener noreferrer\">P\u00e1gina no Facebook<\/a><\/b><\/i><i><b>, interagir no <\/b><\/i><i><b><a href=\"https:\/\/www.facebook.com\/groups\/1285723958213451\/\" target=\"_blank\" rel=\"noopener noreferrer\">Grupo do Facebook<\/a><\/b><\/i><i><b>, al\u00e9m de acompanhar publica\u00e7\u00f5es e ficar por dentro do Projeto Universo NERD, de sorteios, concursos e demais promo\u00e7\u00f5es.<\/b><\/i><\/p>\n<p><span style=\"color: #ffffff;\">&lt; x &gt;<\/span><\/p>\n","protected":false},"excerpt":{"rendered":"<p>A data que conhecemos como Dia das M\u00e3es \u00e9 um feriado em homenagem \u00e0 maternidade o qual \u00e9 tratado de diferentes formas em todo o mundo e este dia especial de 2018 ocorre hoje, 13 de Maio, em diversos pa\u00edses. A encarna\u00e7\u00e3o americanizada do Dia das M\u00e3es foi criada por Anna Jarvis em 1908 e tornou-se um feriado oficial dos EUA em 1914. Jarvis mais tarde denunciou a comercializa\u00e7\u00e3o do feriado e passou a \u00faltima parte de sua vida tentando remov\u00ea-lo do calend\u00e1rio. E \u00e9 um pouco desta hist\u00f3ria que trago a voc\u00eas neste artigo! Embora as datas e comemora\u00e7\u00f5es variem no mundo, o Dia das M\u00e3es tradicionalmente envolve a apresenta\u00e7\u00e3o de m\u00e3es com flores, cart\u00f5es e outros presentes de uma forma parecida. Um pouco da origem do Dia das M\u00e3es As celebra\u00e7\u00f5es de m\u00e3es e maternidades remontam aos antigos gregos e romanos, que realizavam festivais em honra das deusas m\u00e3es Rhea e Cybele. Entretanto, o mais claro precedente moderno para o Dia das M\u00e3es \u00e9 o festival crist\u00e3o antigo conhecido como &#8220;Domingo Materno&#8220;. Sendo uma grande tradi\u00e7\u00e3o no Reino Unido e partes da Europa, esta celebra\u00e7\u00e3o caiu no quarto domingo da Quaresma e foi originalmente vista como uma \u00e9poca em que os fi\u00e9is retornariam \u00e0 sua \u201cigreja m\u00e3e\u201d (a igreja principal nas proximidades de sua casa) para um servi\u00e7o especial. Com o passar do tempo, a tradi\u00e7\u00e3o do domingo materno mudou para um feriado mais secular e as crian\u00e7as apresentavam suas m\u00e3es com flores e outros sinais de aprecia\u00e7\u00e3o. Este costume acabou por perder popularidade antes de se fundir com o Dia das M\u00e3es americano entre os anos 1930 e 1940. Saiba que mais chamadas telef\u00f4nicas s\u00e3o feitas no Dia das M\u00e3es do que em qualquer outro dia do ano. Esses bate-papos com a mam\u00e3e costumam fazer com que o tr\u00e1fego telef\u00f4nico aumente em at\u00e9 40%. Come\u00e7ando com Ann Reeves Jarvis e indo at\u00e9 Frank Hering As origens do Dia das M\u00e3es, celebradas nos Estados Unidos da America, datam do s\u00e9culo XIX. Nos anos que antecederam a Guerra Civil, Ann Reeves Jarvis, da Virg\u00ednia Ocidental, ajudou a iniciar os \u201cClubes de Trabalho do Dia das M\u00e3es\u201d para ensinar as mulheres locais a cuidar adequadamente de seus filhos. Esses clubes ,mais tarde, se tornaram uma for\u00e7a unificadora em uma regi\u00e3o do pa\u00eds ainda dividida durante a Guerra Civil. Em 1868, Jarvis organizou o \u201cDia da Amizade das M\u00e3es\u201d, no qual as m\u00e3es se reuniram com ex-soldados da Uni\u00e3o e da Confedera\u00e7\u00e3o para promover a reconcilia\u00e7\u00e3o. Outro precursor do Dia das M\u00e3es veio da abolicionista Julia Ward Howe. Em 1870, Howe escreveu a &#8220;Proclama\u00e7\u00e3o do Dia das M\u00e3es&#8221;, uma chamada \u00e0 a\u00e7\u00e3o que pedia \u00e0s m\u00e3es que se unissem na promo\u00e7\u00e3o da paz mundial. Em 1873, fez campanha para que o \u201cDia da Paz da M\u00e3e\u201d fosse celebrado todo dia 2 de junho. Outros pioneiros do Dia das M\u00e3es incluem Juliet Calhoun Blakely, ativista da temperan\u00e7a que inspirou um Dia das M\u00e3es local em Albion, Michigan, na d\u00e9cada de 1870. A dupla Mary Towles Sasseen e Frank Hering, que por sua vez, trabalharam para organizar um Dia das M\u00e3es no final do s\u00e9culo XIX e in\u00edcio do s\u00e9culo XX. Alguns at\u00e9 chamaram Hering de \u201co pai do dia das m\u00e3es! Agora com Anna Jarvis e John Wanamaker O feriado oficial do Dia das M\u00e3es surgiu em 1900, como resultado dos esfor\u00e7os de Anna Jarvis, filha de Ann Reeves Jarvis. Ap\u00f3s a morte de sua m\u00e3e em 1905, Anna Jarvis concebeu o Dia das M\u00e3es como uma forma de honrar os sacrif\u00edcios que as m\u00e3es fizeram por seus filhos. E desde ent\u00e3o? Depois de obter apoio financeiro de um dono de uma loja de departamentos da Filad\u00e9lfia, John Wanamaker, em maio de 1908, Jarvis organizou a primeira celebra\u00e7\u00e3o oficial do Dia das M\u00e3es em uma igreja metodista em Grafton, Virg\u00ednia Ocidental. A partir deste evento, podemos dizer que &#8220;naceu&#8221; o Dia das M\u00e3es. Nesse mesmo dia, milhares de pessoas participaram de um evento do Dia das M\u00e3es em uma das principais lojas de varejo da rede Wanamaker, na Filad\u00e9lfia. Ap\u00f3s o sucesso de seu primeiro Dia das M\u00e3es, Jarvis (que permaneceu solteira e sem filhos durante toda a vida) viu a data ser adicionada ao calend\u00e1rio nacional. Argumentando que os feriados americanos eram tendenciosos em rela\u00e7\u00e3o \u00e0s realiza\u00e7\u00f5es masculinas, come\u00e7ou uma enorme campanha de cartas para jornais e pol\u00edticos pedindo a ado\u00e7\u00e3o de um dia especial em homenagem \u00e0 maternidade. Em 1912, muitos estados, cidades e igrejas haviam adotado o Dia das M\u00e3es como um feriado anual e Jarvis havia estabelecido a Associa\u00e7\u00e3o Internacional do Dia das M\u00e3es para ajudar a promover sua causa. Sua persist\u00eancia valeu a pena em 1914, quando o presidente Woodrow Wilson assinou uma medida estabelecendo oficialmente o segundo domingo de maio como o Dia das M\u00e3es. Jarvis Decries e a comercializa\u00e7\u00e3o do Dia das M\u00e3es Anna Jarvis concebera originalmente o Dia das M\u00e3es como um dia de celebra\u00e7\u00e3o pessoal entre m\u00e3es e fam\u00edlias. Sua vers\u00e3o do dia envolvia usar um cravo branco como distintivo e visitar a m\u00e3e ou assistir aos cultos da igreja. Mas uma vez que o Dia das M\u00e3es se tornou um feriado nacional, n\u00e3o demorou muito para que floristas, empresas de cart\u00f5es e outros comerciantes capitalizassem sua popularidade. Embora Jarvis tenha inicialmente trabalhado com a ind\u00fastria de flores para ajudar a criar o perfil do Dia das M\u00e3es, em 1920 ela ficou repugnada com a forma como o feriado estava sendo comercializadas. Ela externamente denunciou a transforma\u00e7\u00e3o e pediu que as pessoas parassem de comprar flores, cart\u00f5es e doces no Dia das M\u00e3es. Mas infelizmente \u00e9 o que acontece com grandes celebra\u00e7\u00f5es. Jarvis acabou recorrendo \u00e0 uma campanha aberta contra os especuladores, falando contra confeiteiros, floristas e at\u00e9 com institui\u00e7\u00f5es de caridade. Ela tamb\u00e9m lan\u00e7ou in\u00fameras a\u00e7\u00f5es contra grupos que usaram o nome \u201cDia das M\u00e3es\u201d, eventualmente gastando a maior parte de sua fortuna pessoal em honor\u00e1rios legais. Na \u00e9poca de sua morte, em 1948, Jarvis havia repudiado completamente o feriado e<\/p>\n","protected":false},"author":3,"featured_media":14719,"comment_status":"open","ping_status":"open","sticky":false,"template":"","format":"standard","meta":{"_monsterinsights_skip_tracking":false,"_monsterinsights_sitenote_active":false,"_monsterinsights_sitenote_note":"","_monsterinsights_sitenote_category":0,"footnotes":""},"categories":[130,1],"tags":[1457,1462,1453,1464,393,1455,1452,1456,23,1461,264,1199,1463,1458,1459,1465,1460,1454],"class_list":["post-14716","post","type-post","status-publish","format-standard","has-post-thumbnail","hentry","category-ciencia","category-todascategorias","tag-ann-reeves-jarvis","tag-anna-jarvis","tag-comercializacao","tag-coretta-scott-king","tag-curiosidades","tag-cybele","tag-dia-das-maes","tag-domingo-materno","tag-ensino","tag-frank-hering","tag-historia","tag-informacao","tag-john-wanamaker","tag-julia-ward-howe","tag-juliet-calhoun-blakely","tag-martin-luther-king-jr","tag-mary-towles-sasseen","tag-rhea"],"_links":{"self":[{"href":"https:\/\/universonerd.net\/portal\/wp-json\/wp\/v2\/posts\/14716","targetHints":{"allow":["GET"]}}],"collection":[{"href":"https:\/\/universonerd.net\/portal\/wp-json\/wp\/v2\/posts"}],"about":[{"href":"https:\/\/universonerd.net\/portal\/wp-json\/wp\/v2\/types\/post"}],"author":[{"embeddable":true,"href":"https:\/\/universonerd.net\/portal\/wp-json\/wp\/v2\/users\/3"}],"replies":[{"embeddable":true,"href":"https:\/\/universonerd.net\/portal\/wp-json\/wp\/v2\/comments?post=14716"}],"version-history":[{"count":0,"href":"https:\/\/universonerd.net\/portal\/wp-json\/wp\/v2\/posts\/14716\/revisions"}],"wp:featuredmedia":[{"embeddable":true,"href":"https:\/\/universonerd.net\/portal\/wp-json\/wp\/v2\/media\/14719"}],"wp:attachment":[{"href":"https:\/\/universonerd.net\/portal\/wp-json\/wp\/v2\/media?parent=14716"}],"wp:term":[{"taxonomy":"category","embeddable":true,"href":"https:\/\/universonerd.net\/portal\/wp-json\/wp\/v2\/categories?post=14716"},{"taxonomy":"post_tag","embeddable":true,"href":"https:\/\/universonerd.net\/portal\/wp-json\/wp\/v2\/tags?post=14716"}],"curies":[{"name":"wp","href":"https:\/\/api.w.org\/{rel}","templated":true}]}}